{"id":1844,"date":"2009-05-03T10:24:17","date_gmt":"2009-05-03T09:24:17","guid":{"rendered":"https:\/\/www.ramonramon.org\/blog\/?p=1844"},"modified":"2021-09-24T21:03:21","modified_gmt":"2021-09-24T19:03:21","slug":"e-veranoorg-calienta-motores","status":"publish","type":"post","link":"https:\/\/ramonramon.org\/blog\/2009\/05\/03\/e-veranoorg-calienta-motores\/","title":{"rendered":"e-Verano.org calienta motores"},"content":{"rendered":"<p>Esta nueva edici\u00f3n,\u00a0 e-verano.org 2009, va congiendo color y cerr\u00e1ndose muchos detalles de este nuevo encuentro. Adem\u00e1s, este a\u00f1o contaremos con la inestimable co-organizaci\u00f3n de la Universidad Nacional de Educaci\u00f3n a Distancia (UNED), la Fundaci\u00f3n I+D del Software Libre y el Consejo de la Juventud de Andaluc\u00eda.<\/p>\n<figure style=\"width: 170px\" class=\"wp-caption alignright\"><figcaption class=\"wp-caption-text\">Una mirada a la Sociedad Libre<\/figcaption><\/figure>\n<p>La web ya est\u00e1 en marcha, y aunque no est\u00e1n todas las actividades que conformar\u00e1n esta edici\u00f3n, si que sirve para ir tomando contactos con los d\u00edas de celebraci\u00f3n, algunas de las propuestas formativas, entre otras los dos cursos magistrales, en los que tendremos la participaci\u00f3n de reconocidas personalidades de \u00e1mbito nacional e internacional, los 12 cursos t\u00e9cnicos, los cursos para el movimiento asociativo juvenil,&#8230;<\/p>\n<p>Esperamos sea del agrado de todos y &#8230; principalmente, que nos hagas llegar tus propuestas, ideas, colaboraci\u00f3n&#8230;.. el e-Verano.org 2009, al igual que anteriores ediciones ser\u00e1 un evento abierto y de convivencia.<\/p>\n<p>Adem\u00e1s, en esta edici\u00f3n recogemos igualmente una de las ideas que los ponentes y asistentes con familias nos hab\u00edan demandado en otras ocasiones, la posibilidad de tener un programa alternativo de actividades culturales y de ocio para los acompa\u00f1antes (tanto dentro del recinto como con visitas a C\u00f3rdoba, Granada, M\u00e1laga, Costa del Sol,&#8230;), y as\u00ed, que cualquiera que durante todo el a\u00f1o ha hecho el sacrifico de ir a jornadas, ponencias, congresos, dejando a la familia en casa, en esta ocasi\u00f3n, y en el comienzo de las vacaciones de verano, pueda traerse a su familia sabiendo que no estar\u00e1n abandonadas ni aburridas.<\/p>\n","protected":false},"excerpt":{"rendered":"<p>Esta nueva edici\u00f3n,\u00a0 e-verano.org 2009, va congiendo color y cerr\u00e1ndose muchos detalles de este nuevo encuentro. Adem\u00e1s, este a\u00f1o contaremos con la inestimable co-organizaci\u00f3n de la Universidad Nacional de Educaci\u00f3n a Distancia (UNED), la Fundaci\u00f3n I+D del Software Libre y el Consejo de la Juventud de Andaluc\u00eda. La web ya est\u00e1 en marcha, y aunque&hellip;&nbsp;<a href=\"https:\/\/ramonramon.org\/blog\/2009\/05\/03\/e-veranoorg-calienta-motores\/\" rel=\"bookmark\">Leer m\u00e1s &raquo;<span class=\"screen-reader-text\">e-Verano.org calienta motores<\/span><\/a><\/p>\n","protected":false},"author":2070,"featured_media":0,"comment_status":"open","ping_status":"open","sticky":false,"template":"","format":"standard","meta":{"neve_meta_sidebar":"","neve_meta_container":"","neve_meta_enable_content_width":"","neve_meta_content_width":0,"neve_meta_title_alignment":"","neve_meta_author_avatar":"","neve_post_elements_order":"","neve_meta_disable_header":"","neve_meta_disable_footer":"","neve_meta_disable_title":"","footnotes":""},"categories":[6,14,16,27],"tags":[836,460],"class_list":["post-1844","post","type-post","status-publish","format-standard","hentry","category-conocimientolibre","category-iniciativafocus","category-jornadas-software-libre","category-software-libre","tag-e-verano-org","tag-iniciativa-focus"],"aioseo_notices":[],"_links":{"self":[{"href":"https:\/\/ramonramon.org\/blog\/wp-json\/wp\/v2\/posts\/1844","targetHints":{"allow":["GET"]}}],"collection":[{"href":"https:\/\/ramonramon.org\/blog\/wp-json\/wp\/v2\/posts"}],"about":[{"href":"https:\/\/ramonramon.org\/blog\/wp-json\/wp\/v2\/types\/post"}],"author":[{"embeddable":true,"href":"https:\/\/ramonramon.org\/blog\/wp-json\/wp\/v2\/users\/2070"}],"replies":[{"embeddable":true,"href":"https:\/\/ramonramon.org\/blog\/wp-json\/wp\/v2\/comments?post=1844"}],"version-history":[{"count":0,"href":"https:\/\/ramonramon.org\/blog\/wp-json\/wp\/v2\/posts\/1844\/revisions"}],"wp:attachment":[{"href":"https:\/\/ramonramon.org\/blog\/wp-json\/wp\/v2\/media?parent=1844"}],"wp:term":[{"taxonomy":"category","embeddable":true,"href":"https:\/\/ramonramon.org\/blog\/wp-json\/wp\/v2\/categories?post=1844"},{"taxonomy":"post_tag","embeddable":true,"href":"https:\/\/ramonramon.org\/blog\/wp-json\/wp\/v2\/tags?post=1844"}],"curies":[{"name":"wp","href":"https:\/\/api.w.org\/{rel}","templated":true}]}}