{"id":183,"date":"2007-01-11T13:39:00","date_gmt":"2007-01-11T11:39:00","guid":{"rendered":"https:\/\/www.ramonramon.org\/blog\/2007\/01\/11\/el-software-libre-tambien-hablara-gallego\/"},"modified":"2011-06-29T10:12:45","modified_gmt":"2011-06-29T08:12:45","slug":"el-software-libre-tambien-hablara-gallego","status":"publish","type":"post","link":"https:\/\/ramonramon.org\/blog\/2007\/01\/11\/el-software-libre-tambien-hablara-gallego\/","title":{"rendered":"El software libre tambi\u00e9n hablar\u00e1 gallego"},"content":{"rendered":"<p>Seg\u00fan me entero por los compis del Libro Blanco y Alberto Barrionuevo, el gobierno de la comunidad de Galicia acaba de aprobar como estrategia pol\u00edtica el uso de est\u00e1ndares abiertos y software libre en la sociedad gallega.  Esperemos que esta declaraci\u00f3n de buenas intenciones luego se traslade a la sociedad de una forma efectiva y real.<br \/>Este tema creo que una vez m\u00e1s puede abrir el debate de las distribuciones regionales, y las distintas pol\u00edticas sobre sociedad de la informaci\u00f3n, pero lo que si que tenemos claro es que este tren sigue avanzando y ya no hay quien lo pare. Es justo seguir alabando la visi\u00f3n y el liderazgo que los extreme\u00f1os en este sentido tuvieron y que siguen teniendo, pues.. sin conocer en profundidad este nuevo avance, en gran medida me suena al que ya <a href=\"http:\/\/rinconmarginado.blogspot.com\/2006\/07\/buenas-noticias-para-el-sw-libre-y-los.html\">aprob\u00f3 en julio el gobierno extreme\u00f1o<\/a>.<br \/>Ojal\u00e1 pronto surjan nuevas iniciativas, en este caso a nivel del gobierno nacional (como ya ocurre en otros paises) y demos el salto cualitativo que la sociedad necesita entorno a los est\u00e1ndares abiertos y el software libre.<\/p>\n","protected":false},"excerpt":{"rendered":"<p>Seg\u00fan me entero por los compis del Libro Blanco y Alberto Barrionuevo, el gobierno de la comunidad de Galicia acaba de aprobar como estrategia pol\u00edtica el uso de est\u00e1ndares abiertos y software libre en la sociedad gallega. Esperemos que esta declaraci\u00f3n de buenas intenciones luego se traslade a la sociedad de una forma efectiva y&hellip;&nbsp;<a href=\"https:\/\/ramonramon.org\/blog\/2007\/01\/11\/el-software-libre-tambien-hablara-gallego\/\" rel=\"bookmark\">Leer m\u00e1s &raquo;<span class=\"screen-reader-text\">El software libre tambi\u00e9n hablar\u00e1 gallego<\/span><\/a><\/p>\n","protected":false},"author":2070,"featured_media":0,"comment_status":"open","ping_status":"open","sticky":false,"template":"","format":"standard","meta":{"neve_meta_sidebar":"","neve_meta_container":"","neve_meta_enable_content_width":"","neve_meta_content_width":0,"neve_meta_title_alignment":"","neve_meta_author_avatar":"","neve_post_elements_order":"","neve_meta_disable_header":"","neve_meta_disable_footer":"","neve_meta_disable_title":"","footnotes":""},"categories":[27],"tags":[],"class_list":["post-183","post","type-post","status-publish","format-standard","hentry","category-software-libre"],"aioseo_notices":[],"_links":{"self":[{"href":"https:\/\/ramonramon.org\/blog\/wp-json\/wp\/v2\/posts\/183","targetHints":{"allow":["GET"]}}],"collection":[{"href":"https:\/\/ramonramon.org\/blog\/wp-json\/wp\/v2\/posts"}],"about":[{"href":"https:\/\/ramonramon.org\/blog\/wp-json\/wp\/v2\/types\/post"}],"author":[{"embeddable":true,"href":"https:\/\/ramonramon.org\/blog\/wp-json\/wp\/v2\/users\/2070"}],"replies":[{"embeddable":true,"href":"https:\/\/ramonramon.org\/blog\/wp-json\/wp\/v2\/comments?post=183"}],"version-history":[{"count":0,"href":"https:\/\/ramonramon.org\/blog\/wp-json\/wp\/v2\/posts\/183\/revisions"}],"wp:attachment":[{"href":"https:\/\/ramonramon.org\/blog\/wp-json\/wp\/v2\/media?parent=183"}],"wp:term":[{"taxonomy":"category","embeddable":true,"href":"https:\/\/ramonramon.org\/blog\/wp-json\/wp\/v2\/categories?post=183"},{"taxonomy":"post_tag","embeddable":true,"href":"https:\/\/ramonramon.org\/blog\/wp-json\/wp\/v2\/tags?post=183"}],"curies":[{"name":"wp","href":"https:\/\/api.w.org\/{rel}","templated":true}]}}