{"id":18256,"date":"2014-07-28T00:19:41","date_gmt":"2014-07-27T22:19:41","guid":{"rendered":"https:\/\/www.ramonramon.org\/blog\/?p=18256"},"modified":"2020-03-22T14:28:23","modified_gmt":"2020-03-22T13:28:23","slug":"latinoamerica-lider-indiscutible-en-el-uso-de-redes-sociales","status":"publish","type":"post","link":"https:\/\/ramonramon.org\/blog\/2014\/07\/28\/latinoamerica-lider-indiscutible-en-el-uso-de-redes-sociales\/","title":{"rendered":"Latinoam\u00e9rica l\u00edder indiscutible en el uso de redes sociales"},"content":{"rendered":"<h3 style=\"text-align: justify;\">Latinoam\u00e9rica es la regi\u00f3n del mundo donde m\u00e1s se consume redes sociales, seguida de Europa, y siendo Facebook el l\u00edder indiscutible. M\u00e9xico pa\u00eds numero uno.<\/h3>\n<p style=\"text-align: justify;\">Facebook es la red social m\u00e1s consumida en toda <a href=\"http:\/\/eleconomista.com.mx\/tecnociencia\/2012\/12\/23\/mexicanos-consumen-hasta-75-horas-redes-sociales\" target=\"_blank\" rel=\"noopener noreferrer\">Am\u00e9rica Latina, siendo adem\u00e1s la regi\u00f3n del mundo donde m\u00e1s se consume<\/a><a href=\"http:\/\/eleconomista.com.mx\/tecnociencia\/2012\/12\/23\/mexicanos-consumen-hasta-75-horas-redes-sociales\" target=\"_blank\" rel=\"noopener noreferrer\"><img loading=\"lazy\" decoding=\"async\" class=\"alignright wp-image-18264 \" src=\"https:\/\/www.ramonramon.org\/blog\/wp-content\/uploads\/consumo_redes_Sociales.png\" alt=\"ConsumoMundialRedesSocialesporRegiones\" width=\"276\" height=\"207\" srcset=\"https:\/\/ramonramon.org\/blog\/wp-content\/uploads\/consumo_redes_Sociales.png 600w, https:\/\/ramonramon.org\/blog\/wp-content\/uploads\/consumo_redes_Sociales-188x141.png 188w\" sizes=\"auto, (max-width: 276px) 100vw, 276px\" \/><\/a> este tipo de contenido, seguido de Europa. As\u00ed se <a href=\"http:\/\/eleconomista.com.mx\/tecnociencia\/2014\/07\/22\/facebook-acapara-tiempo-internatutas\" target=\"_blank\" rel=\"noopener noreferrer\">recoge en el \u00faltimo informe publicado\u00a0por\u00a0la firma de medici\u00f3n de audiencias en l\u00ednea ComScore, presentados en el reporte \u201cEstado del Social Media en Am\u00e9rica Latina\u201d<\/a>.<\/p>\n<blockquote><p>En tiempo de consumo, Am\u00e9rica Latina tambi\u00e9n se posicion\u00f3 como l\u00edder mundial al registrar un pro<br \/>\nmedio mensual de <strong>8.67 horas que cada usuario visita las redes sociales<\/strong>. <a href=\"https:\/\/twitter.com\/comScoreLATAM\/status\/491602013088911360\" target=\"_blank\" rel=\"noopener noreferrer\">Europa se posicion\u00f3 en segundo lugar con 8.07<\/a> horas promedio.<\/p><\/blockquote>\n<p style=\"text-align: justify;\">En el <a href=\"http:\/\/www.comscore.com\/Insights\/Presentations-and-Whitepapers\/2014\/The-State-of-Social-Media-in-Mexico-and-the-Metrics-that-Really-Matter\" target=\"_blank\" rel=\"noopener noreferrer\">estudio del estado del Social Media en M\u00e9xico<\/a> se recogen todo un compendio de datos, algunos realmente impresionantes, que te invito a revisar.<\/p>\n<p style=\"text-align: justify;\"><a href=\"https:\/\/www.ramonramon.org\/blog\/wp-content\/uploads\/alcance_mundial_redes_sociales.png\"><img loading=\"lazy\" decoding=\"async\" class=\"alignleft wp-image-18262 \" src=\"https:\/\/www.ramonramon.org\/blog\/wp-content\/uploads\/alcance_mundial_redes_sociales.png\" alt=\"EstadoSocialMediaLATAM\" width=\"265\" height=\"198\" srcset=\"https:\/\/ramonramon.org\/blog\/wp-content\/uploads\/alcance_mundial_redes_sociales.png 600w, https:\/\/ramonramon.org\/blog\/wp-content\/uploads\/alcance_mundial_redes_sociales-188x141.png 188w\" sizes=\"auto, (max-width: 265px) 100vw, 265px\" \/><\/a>Resultando\u00a0impresionante comprobar como\u00a0<a href=\"https:\/\/twitter.com\/comScoreLATAM\/status\/491604039982141441\" target=\"_blank\" rel=\"noopener noreferrer\">M\u00e9xico es el pa\u00eds con mayor alcance en sitios de redes sociales a nivel mundial<\/a>, seguido de Rusia y Turqu\u00eda, y justo detr\u00e1s, Argentina, Per\u00fa o Chile, as\u00ed, no hay duda que sea Am\u00e9rica Latina la l\u00edder mundial por regiones. \u00a0Y, \u00bfc\u00f3mo no? Facebook l\u00edder en todos los pa\u00edses LATAM.<\/p>\n<p style=\"text-align: justify;\">Siendo <a href=\"http:\/\/i1.wp.com\/ramonramon.org\/blog\/wp-content\/uploads\/Lealtad_redesSociales_CHile.png\" target=\"_blank\" rel=\"noopener noreferrer\">Chile el pa\u00eds de Am\u00e9rica Latina y el Caribe donde los usuarios son mas leales<\/a>, seguido muy de cerca por M\u00e9xico \u00a0y Colombia.<\/p>\n<p style=\"text-align: justify;\">Por \u00faltimo, no quisiera finalizar este peque\u00f1o post sin recoger <a href=\"https:\/\/twitter.com\/comScoreLATAM\/statuses\/491605161971052544\" target=\"_blank\" rel=\"noopener noreferrer\">las redes m\u00e1s usadas en Latinoam\u00e9rica<\/a>, clasificadas por pa\u00eds y red (Facebook, ShareThis, LinkedIn, Twitter, Slideshare, Taringa y Google+):<a href=\"https:\/\/www.ramonramon.org\/blog\/wp-content\/uploads\/Principales_sitios_redesSociales.jpg\"><img loading=\"lazy\" decoding=\"async\" class=\"aligncenter size-full wp-image-18270\" src=\"https:\/\/www.ramonramon.org\/blog\/wp-content\/uploads\/Principales_sitios_redesSociales.jpg\" alt=\"Principales Redes Sociales en LATAM\" width=\"600\" height=\"460\" srcset=\"https:\/\/ramonramon.org\/blog\/wp-content\/uploads\/Principales_sitios_redesSociales.jpg 600w, https:\/\/ramonramon.org\/blog\/wp-content\/uploads\/Principales_sitios_redesSociales-184x141.jpg 184w\" sizes=\"auto, (max-width: 600px) 100vw, 600px\" \/><\/a><\/p>\n<p style=\"text-align: right;\">\u00bfY t\u00fa, cual usas? Y lo m\u00e1s importante, <a href=\"https:\/\/www.ramonramon.org\/blog\/2011\/11\/01\/%c2%bfy-tu-para-que-usas-twitter\/\" target=\"_blank\" rel=\"noopener noreferrer\">\u00bfpara qu\u00e9?<\/a><\/p>\n","protected":false},"excerpt":{"rendered":"<p>Latinoam\u00e9rica es la regi\u00f3n del mundo donde m\u00e1s se consume redes sociales, seguida de Europa, y siendo Facebook el l\u00edder indiscutible. M\u00e9xico pa\u00eds numero uno. Facebook es la red social m\u00e1s consumida en toda Am\u00e9rica Latina, siendo adem\u00e1s la regi\u00f3n del mundo donde m\u00e1s se consume este tipo de contenido, seguido de Europa. As\u00ed se&hellip;&nbsp;<a href=\"https:\/\/ramonramon.org\/blog\/2014\/07\/28\/latinoamerica-lider-indiscutible-en-el-uso-de-redes-sociales\/\" rel=\"bookmark\">Leer m\u00e1s &raquo;<span class=\"screen-reader-text\">Latinoam\u00e9rica l\u00edder indiscutible en el uso de redes sociales<\/span><\/a><\/p>\n","protected":false},"author":2070,"featured_media":0,"comment_status":"open","ping_status":"open","sticky":false,"template":"","format":"standard","meta":{"neve_meta_sidebar":"","neve_meta_container":"","neve_meta_enable_content_width":"","neve_meta_content_width":0,"neve_meta_title_alignment":"","neve_meta_author_avatar":"","neve_post_elements_order":"","neve_meta_disable_header":"","neve_meta_disable_footer":"","neve_meta_disable_title":"","footnotes":""},"categories":[24],"tags":[364,1020,546,2001],"class_list":["post-18256","post","type-post","status-publish","format-standard","hentry","category-redes-sociales","tag-facebook","tag-latinoamerica","tag-mexico","tag-redes-sociales"],"aioseo_notices":[],"_links":{"self":[{"href":"https:\/\/ramonramon.org\/blog\/wp-json\/wp\/v2\/posts\/18256","targetHints":{"allow":["GET"]}}],"collection":[{"href":"https:\/\/ramonramon.org\/blog\/wp-json\/wp\/v2\/posts"}],"about":[{"href":"https:\/\/ramonramon.org\/blog\/wp-json\/wp\/v2\/types\/post"}],"author":[{"embeddable":true,"href":"https:\/\/ramonramon.org\/blog\/wp-json\/wp\/v2\/users\/2070"}],"replies":[{"embeddable":true,"href":"https:\/\/ramonramon.org\/blog\/wp-json\/wp\/v2\/comments?post=18256"}],"version-history":[{"count":0,"href":"https:\/\/ramonramon.org\/blog\/wp-json\/wp\/v2\/posts\/18256\/revisions"}],"wp:attachment":[{"href":"https:\/\/ramonramon.org\/blog\/wp-json\/wp\/v2\/media?parent=18256"}],"wp:term":[{"taxonomy":"category","embeddable":true,"href":"https:\/\/ramonramon.org\/blog\/wp-json\/wp\/v2\/categories?post=18256"},{"taxonomy":"post_tag","embeddable":true,"href":"https:\/\/ramonramon.org\/blog\/wp-json\/wp\/v2\/tags?post=18256"}],"curies":[{"name":"wp","href":"https:\/\/api.w.org\/{rel}","templated":true}]}}