{"id":17480,"date":"2014-04-10T16:42:04","date_gmt":"2014-04-10T14:42:04","guid":{"rendered":"https:\/\/www.ramonramon.org\/blog\/?p=17480"},"modified":"2015-01-28T10:18:08","modified_gmt":"2015-01-28T09:18:08","slug":"iberiamiente-y-el-intento-burdo-de-destruir-en-lugar-de-buscar-soluciones","status":"publish","type":"post","link":"https:\/\/ramonramon.org\/blog\/2014\/04\/10\/iberiamiente-y-el-intento-burdo-de-destruir-en-lugar-de-buscar-soluciones\/","title":{"rendered":"#IberiaMiente, el intento burdo de destruir en lugar de buscar soluciones y por fin, una disculpa"},"content":{"rendered":"<p style=\"text-align: justify;\">Como imagino ya muchos sabr\u00e9is,<a href=\"https:\/\/www.ramonramon.org\/blog\/2014\/04\/08\/sobre-mi-abandono-en-el-aeropuerto-de-mexico-df-por-parte-de-iberia-y-avianca\/\" target=\"_blank\"> el pasado 29 de marzo deb\u00eda regresar a M\u00e1laga, sin embargo, entre Avianca e Iberia se propusieron que no lo hiciera<\/a>.<\/p>\n<p style=\"text-align: justify;\">No me extender\u00e9 porque ya lo hice en el <a href=\"https:\/\/www.ramonramon.org\/blog\/2014\/04\/08\/sobre-mi-abandono-en-el-aeropuerto-de-mexico-df-por-parte-de-iberia-y-avianca\/\" target=\"_blank\">post anterior<\/a>, lo \u00fanico es insistir que intent\u00e9 cambiar mi vuelo de regreso a Espa\u00f1a por todas las v\u00edas, telef\u00f3nicamente llamando a las oficinas de Iberia en M\u00e9xico (tanto yo como diferentes amigos), v\u00eda twitter, v\u00eda reclamaci\u00f3n en la propia web, e igualmente mediante llamado a serviberia.\u00a0 En ese sentido, en todas coincidieron en que mi pasaje no lo permit\u00eda, aunque como se puede comprobar en mi reserva si que exist\u00eda esa posibilidad.<\/p>\n<p style=\"text-align: center;\">\n<p style=\"text-align: justify;\">Por otro lado Avianca que tuvo retrasos en todos sus vuelos y que no me permiti\u00f3 llegar con suficiente tiempo como para que encontrar a alguien en el mostrador de IBeria, en sus tel\u00e9fonos u oficinas del aeropuerto de M\u00e9xico DF (independientemente que fuese 30 minutos antes de despegar).\u00a0 Motivo por el que pretend\u00eda cambiar mi vuelo de regreso -desde el 25 de marzo- y as\u00ed no tener que sufrir esta situaci\u00f3n.<\/p>\n<p style=\"text-align: justify;\">Igualmente <a href=\"https:\/\/twitter.com\/memoria\" target=\"_blank\">Memori@<\/a> cuenta en su blog las peripecias y abusos que sufri\u00f3 para intentar ayudarme:<\/p>\n<h1>Ram\u00f3n Ram\u00f3n estaba abandonado en M\u00e9xico D.F. \u2026 en Madrid\u2026 <\/h1>\n<p style=\"text-align: justify;\">(muy recomendable la lectura del mismo, y ver todo el empe\u00f1o que puso esta amiga por ayudarme y encontrar una soluci\u00f3n, y todo el empe\u00f1o que diferentes personas en Iberia pon\u00edan para todo lo contrario)<\/p>\n<p style=\"text-align: justify;\">\u00a0Pero lo peor es cuando me encuentro que un equipo de diferentes personas de comunicaci\u00f3n de Iberia se dedican a llamar a medios de comunicaci\u00f3n, que en gran medida, y tras la repercusi\u00f3n en redes sociales, como en el caso de <a href=\"http:\/\/www.laopiniondemalaga.es\/malaga\/2014\/04\/05\/regresa-malaga-semana-atrapado-aeropuerto\/667188.html\" target=\"_blank\">La Opini\u00f3n de M\u00e1laga recogen mi caso<\/a>.<\/p>\n<p style=\"text-align: justify;\">Seg\u00fan Iberia <a href=\"http:\/\/www.laopiniondemalaga.es\/malaga\/2014\/04\/05\/regresa-malaga-semana-atrapado-aeropuerto\/667188.html\" target=\"_blank\">en este mismo medio<\/a>:<\/p>\n<blockquote>\n<p style=\"text-align: justify;\">\u00abPara justificar la negativa, la aerol\u00ednea lleg\u00f3 a acusar a Ram\u00f3n de no haber solicitado el cambio de billete.<\/p>\n<p style=\"text-align: justify;\">En su reserva tampoco consta que pidiera ning\u00fan cambio anterior a la fecha de su vuelo [cualquier solicitud en un punto de atenci\u00f3n al cliente \u2013call center o bien oficinas- se anota en la reserva, y esta operaci\u00f3n se realiza multitud de veces cada d\u00eda, con y sin penalizaci\u00f3n].\u00bb<\/p>\n<\/blockquote>\n<p style=\"text-align: justify;\">Esto no solo es falso, sino que adem\u00e1s de tener registrados los distintos intentos que realic\u00e9 v\u00eda mensajes y sus constantes respuestas neg\u00e1ndome el derecho a dicho cambio, el d\u00eda que llam\u00e9 a Serviberia (25 de marzo), realic\u00e9 varias llamadas en compa\u00f1\u00eda de varios amigos y consultores internacionales de comunicaci\u00f3n que asist\u00edan a la V Cumbre, entre los que se encontraba <a href=\"https:\/\/twitter.com\/lupanke\/status\/453587631494807553\" target=\"_blank\">Luciana Panke que ya asegur\u00f3 p\u00fablicamente<\/a> como escuch\u00f3 mi intento y la correspondiente negaci\u00f3n de Iberia (lo mismo que otras personas que siempre han estado dispuestas a ratificar en el mismo sentido).<\/p>\n<p style=\"text-align: justify;\">Sin embargo, Iberia ha basado su estrategia en negar algo que evidentemente es rotundamente falso.<\/p>\n<p style=\"text-align: justify;\">Igualmente siguen diciendo:<\/p>\n<blockquote>\n<p style=\"text-align: justify;\">\u00ab<span data-twttr-id=\"twttr-sandbox-0\">Sin embargo, nunca contact\u00f3 con nuestro personal en el aeropuerto de M\u00e9xico DF. Desde nuestro perfil de redes sociales nos ofrecimos a buscarle una soluci\u00f3n para regresar a Espa\u00f1a, a pesar de que los vuelos de estas semanas est\u00e1n completamente llenos. El viernes por la noche conseguimos contactar con \u00e9l desde Madrid para cambiar su vuelo; a pesar de que todo este tiempo ha estado dando a entender que necesitaba volver a Espa\u00f1a urgentemente, el cambio que nos ha pedido es para \u00faltimos de mayo\u00bb.<\/span><\/p>\n<\/blockquote>\n<p style=\"text-align: justify;\">Igualmente falso, no solo yo, sino varios amigos en M\u00e9xico realizaron diferentes llamadas a las oficinas de Iberia en el Aeropuerto de M\u00e9xico DF.<\/p>\n<p style=\"text-align: justify;\">Si es cierto que se ofrecieron a darme una soluci\u00f3n durante los primeros d\u00edas, pero esa ayuda consist\u00eda simplemente en proporcionarme informaci\u00f3n de pasajes lo m\u00e1s econ\u00f3micos posibles, NUNCA, y repito NUNCA, a proporcionarme una soluci\u00f3n y que se cumpliera los acuerdos de mi reserva, as\u00ed como cubrir gasto alguno de los d\u00edas que estaba completamente \u00abtirado\u00bb en el DF.<\/p>\n<p style=\"text-align: justify;\">Paralelamente y durante esos d\u00edas, la respuesta de los canales en redes sociales de Iberia a cuantas personas preguntaban por mi situaci\u00f3n era la misma, lo que ofend\u00eda igualmente a dichas personas, y decirles a tod@s que ya me estaban ayudando, igualmente falso, porque ayudar no es repetir un mensaje pregrabado y casi rob\u00f3tico.<\/p>\n<p style=\"text-align: justify;\">Por si fuese poco, tienen la sensibilidad de afirmar:<\/p>\n<blockquote>\n<p style=\"text-align: justify;\">\u00abEl viernes por la noche conseguimos contactar con \u00e9l desde Madrid para cambiar su vuelo; a pesar de que todo este tiempo ha estado dando a entender que necesitaba volver a Espa\u00f1a urgentemente, el cambio que nos ha pedido es para \u00faltimos de mayo\u00bb.<\/p>\n<\/blockquote>\n<p style=\"text-align: justify;\">Es decir, me contactan 7 d\u00edas despu\u00e9s para ofrecerme un pasaje de regreso, insisto, <strong>UNA SEMANA M\u00c1S TARDE<\/strong>.\u00a0 Les explico que como ya llevaba 7 d\u00edas en M\u00e9xico DF, que desde la Universidad Nacional de Costa Rica se me ped\u00eda confirmaci\u00f3n de punto de salida de mi vuelo a San Jos\u00e9, y que como no hab\u00eda respuesta de Iberia, decid\u00ed que el vuelo saliera desde M\u00e9xico DF, para as\u00ed evitarme un vuelo transatl\u00e1ntico extra y de nuevo, posibles preocupaciones.<\/p>\n<p style=\"text-align: justify;\">Y eso, a Iberia, le parece muy \u00abbanal\u00bb.\u00a0 Yo intent\u00e9 regresar a mi casa el mismo 29 o 30 de marzo, a nadie le gusta de forma voluntaria pasar la semana que he pasado, pero tras la falta de respuesta de Iberia y Avianca tuve que tomar una decisi\u00f3n.<\/p>\n<p style=\"text-align: justify;\">Hace unas pocas horas me llamaron de Iberia Espa\u00f1a, reconoc\u00edan que todo hab\u00eda sido una equivocaci\u00f3n en los sistemas internos de Iberia, que hab\u00edan provocado toda esta situaci\u00f3n ca\u00f3tica y que me llev\u00f3 a deambular entre aeropuertos, buscar de forma estresante una soluci\u00f3n para regresar a mi hogar y&#8230;. toda esta historia.<\/p>\n<p style=\"text-align: justify;\">Realmente debo agradecer a todos y todas las personas que se movilizaron para ayudarme a salir del ciclo vicioso en el que me ten\u00eda la situaci\u00f3n, y tambi\u00e9n que por fin en Iberia hubiese alguna persona dispuesta a conversar conmigo y darme una respuesta, <b>Dimitris Bountolos<\/b>, Director de Experiencia de Cliente.\u00a0 Gracias a Dimitris, pude escuchar que efectivamente todo hab\u00eda sido por errores de plataforma tecnol\u00f3gica, que yo no estaba equivocado ni era un quijote moderno y poder conversar, explicarme,&#8230;\u00a0 algo que ven\u00eda pidiendo desde el 25 de marzo.\u00a0 Adem\u00e1s, tambi\u00e9n desde Iberia lo han hecho <a href=\"https:\/\/www.ramonramon.org\/blog\/2014\/04\/08\/sobre-mi-abandono-en-el-aeropuerto-de-mexico-df-por-parte-de-iberia-y-avianca\/#comments\" target=\"_blank\">en forma de comentario en mi anterior post.<\/a><\/p>\n<p style=\"text-align: justify;\">Ahora la cuesti\u00f3n es, \u00bfQu\u00e9 pasa con todo el sufrimiento y estr\u00e9s de los d\u00edas previos al despegue, mi abandono en M\u00e9xico DF durante una semana? \u00bfY Avianca que parece se suma a la moda y ahora dice que me negu\u00e9 a recoger la certificaci\u00f3n -algo que seg\u00fan ellos era lo \u00fanico que pod\u00eda ayudarme con Iberia? y lo que es peor, \u00bfqu\u00e9 hubiese ocurrido si hubiera sido otra persona sin tantos amig@s que se preocupan por una?<\/p>\n<p style=\"text-align: justify;\">Esperemos, y as\u00ed me lo aseguraron desde Iberia, que este caso sirva para mejorar el control de todo lo que ocurre en cuanto a reservas y comunicaci\u00f3n, y que nadie deba pasar m\u00e1s por mi situaci\u00f3n.<\/p>\n<p style=\"text-align: right;\"><strong>De nuevo, muchas, muchas gracias a todos y todas.<\/strong><\/p>\n","protected":false},"excerpt":{"rendered":"<p>Como imagino ya muchos sabr\u00e9is, el pasado 29 de marzo deb\u00eda regresar a M\u00e1laga, sin embargo, entre Avianca e Iberia se propusieron que no lo hiciera. No me extender\u00e9 porque ya lo hice en el post anterior, lo \u00fanico es insistir que intent\u00e9 cambiar mi vuelo de regreso a Espa\u00f1a por todas las v\u00edas, telef\u00f3nicamente&hellip;&nbsp;<a href=\"https:\/\/ramonramon.org\/blog\/2014\/04\/10\/iberiamiente-y-el-intento-burdo-de-destruir-en-lugar-de-buscar-soluciones\/\" rel=\"bookmark\">Leer m\u00e1s &raquo;<span class=\"screen-reader-text\">#IberiaMiente, el intento burdo de destruir en lugar de buscar soluciones y por fin, una disculpa<\/span><\/a><\/p>\n","protected":false},"author":2070,"featured_media":0,"comment_status":"open","ping_status":"open","sticky":false,"template":"","format":"standard","meta":{"neve_meta_sidebar":"","neve_meta_container":"","neve_meta_enable_content_width":"","neve_meta_content_width":0,"neve_meta_title_alignment":"","neve_meta_author_avatar":"","neve_post_elements_order":"","neve_meta_disable_header":"","neve_meta_disable_footer":"","neve_meta_disable_title":"","footnotes":""},"categories":[23,30],"tags":[1097],"class_list":["post-17480","post","type-post","status-publish","format-standard","hentry","category-personal","category-viajes","tag-iberia"],"aioseo_notices":[],"aioseo_head":"\n\t\t<!-- All in One SEO Pro 4.9.9 - aioseo.com -->\n\t<meta name=\"description\" content=\"Como imagino ya muchos sabr\u00e9is, el pasado 29 de marzo deb\u00eda regresar a M\u00e1laga, sin embargo, entre Avianca e Iberia se propusieron que no lo hiciera. No me extender\u00e9 porque ya lo hice en el post anterior, lo \u00fanico es insistir que intent\u00e9 cambiar mi vuelo de regreso a Espa\u00f1a por todas las v\u00edas, telef\u00f3nicamente\" \/>\n\t<meta name=\"robots\" content=\"max-image-preview:large\" \/>\n\t<meta name=\"author\" content=\"Ram\u00f3n Ram\u00f3n\"\/>\n\t<link rel=\"canonical\" href=\"https:\/\/ramonramon.org\/blog\/2014\/04\/10\/iberiamiente-y-el-intento-burdo-de-destruir-en-lugar-de-buscar-soluciones\/\" \/>\n\t<meta name=\"generator\" content=\"All in One SEO Pro (AIOSEO) 4.9.9\" \/>\n\n\t\t<!-- Google tag (gtag.js) -->\n<script async src=\"https:\/\/www.googletagmanager.com\/gtag\/js?id=G-5BVWGR1LLZ\"><\/script>\n<script>\n  window.dataLayer = window.dataLayer || [];\n  function gtag(){dataLayer.push(arguments);}\n  gtag('js', new Date());\n\n  gtag('config', 'G-5BVWGR1LLZ');\n<\/script>\n\t\t<meta property=\"og:locale\" content=\"es_ES\" \/>\n\t\t<meta property=\"og:site_name\" content=\"Ram\u00f3n Ram\u00f3n - Comunicaci\u00f3n pol\u00edtica y campa\u00f1as electorales\" \/>\n\t\t<meta property=\"og:type\" content=\"article\" \/>\n\t\t<meta property=\"og:title\" content=\"#IberiaMiente, el intento burdo de destruir en lugar de buscar soluciones y por fin, una disculpa\" \/>\n\t\t<meta property=\"og:description\" content=\"Como imagino ya muchos sabr\u00e9is, el pasado 29 de marzo deb\u00eda regresar a M\u00e1laga, sin embargo, entre Avianca e Iberia se propusieron que no lo hiciera. No me extender\u00e9 porque ya lo hice en el post anterior, lo \u00fanico es insistir que intent\u00e9 cambiar mi vuelo de regreso a Espa\u00f1a por todas las v\u00edas, telef\u00f3nicamente\" \/>\n\t\t<meta property=\"og:url\" content=\"https:\/\/ramonramon.org\/blog\/2014\/04\/10\/iberiamiente-y-el-intento-burdo-de-destruir-en-lugar-de-buscar-soluciones\/\" \/>\n\t\t<meta property=\"og:image\" content=\"https:\/\/ramonramon.org\/blog\/wp-content\/uploads\/2023\/12\/cropped-Marca-RR-03_trans.png\" \/>\n\t\t<meta property=\"og:image:secure_url\" content=\"https:\/\/ramonramon.org\/blog\/wp-content\/uploads\/2023\/12\/cropped-Marca-RR-03_trans.png\" \/>\n\t\t<meta property=\"og:image:width\" content=\"2560\" \/>\n\t\t<meta property=\"og:image:height\" content=\"1709\" \/>\n\t\t<meta property=\"article:published_time\" content=\"2014-04-10T14:42:04+00:00\" \/>\n\t\t<meta property=\"article:modified_time\" content=\"2015-01-28T09:18:08+00:00\" \/>\n\t\t<meta property=\"article:publisher\" content=\"https:\/\/www.facebook.com\/ramonramon\" \/>\n\t\t<meta name=\"twitter:card\" content=\"summary_large_image\" \/>\n\t\t<meta name=\"twitter:site\" content=\"@ramonramon\" \/>\n\t\t<meta name=\"twitter:title\" content=\"#IberiaMiente, el intento burdo de destruir en lugar de buscar soluciones y por fin, una disculpa\" \/>\n\t\t<meta name=\"twitter:description\" content=\"Como imagino ya muchos sabr\u00e9is, el pasado 29 de marzo deb\u00eda regresar a M\u00e1laga, sin embargo, entre Avianca e Iberia se propusieron que no lo hiciera. No me extender\u00e9 porque ya lo hice en el post anterior, lo \u00fanico es insistir que intent\u00e9 cambiar mi vuelo de regreso a Espa\u00f1a por todas las v\u00edas, telef\u00f3nicamente\" \/>\n\t\t<meta name=\"twitter:image\" content=\"https:\/\/ramonramon.org\/blog\/wp-content\/uploads\/2023\/12\/cropped-Marca-RR-03_trans.png\" \/>\n\t\t<script type=\"application\/ld+json\" class=\"aioseo-schema\">\n\t\t\t{\"@context\":\"https:\\\/\\\/schema.org\",\"@graph\":[{\"@type\":\"BlogPosting\",\"@id\":\"https:\\\/\\\/ramonramon.org\\\/blog\\\/2014\\\/04\\\/10\\\/iberiamiente-y-el-intento-burdo-de-destruir-en-lugar-de-buscar-soluciones\\\/#blogposting\",\"name\":\"#IberiaMiente, el intento burdo de destruir en lugar de buscar soluciones y por fin, una disculpa\",\"headline\":\"#IberiaMiente, el intento burdo de destruir en lugar de buscar soluciones y por fin, una disculpa\",\"author\":{\"@id\":\"https:\\\/\\\/ramonramon.org\\\/blog\\\/author\\\/admin\\\/#author\"},\"publisher\":{\"@id\":\"https:\\\/\\\/ramonramon.org\\\/blog\\\/#person\"},\"image\":{\"@type\":\"ImageObject\",\"@id\":\"https:\\\/\\\/ramonramon.org\\\/blog\\\/2014\\\/04\\\/10\\\/iberiamiente-y-el-intento-burdo-de-destruir-en-lugar-de-buscar-soluciones\\\/#articleImage\",\"url\":\"https:\\\/\\\/ramonramon.org\\\/blog\\\/wp-content\\\/litespeed\\\/avatar\\\/42364fa67ab8a86686700065303abe2d.jpg?ver=1788115634\",\"width\":96,\"height\":96,\"caption\":\"Ram\\u00f3n Ram\\u00f3n\"},\"datePublished\":\"2014-04-10T16:42:04+02:00\",\"dateModified\":\"2015-01-28T10:18:08+01:00\",\"inLanguage\":\"es-ES\",\"mainEntityOfPage\":{\"@id\":\"https:\\\/\\\/ramonramon.org\\\/blog\\\/2014\\\/04\\\/10\\\/iberiamiente-y-el-intento-burdo-de-destruir-en-lugar-de-buscar-soluciones\\\/#webpage\"},\"isPartOf\":{\"@id\":\"https:\\\/\\\/ramonramon.org\\\/blog\\\/2014\\\/04\\\/10\\\/iberiamiente-y-el-intento-burdo-de-destruir-en-lugar-de-buscar-soluciones\\\/#webpage\"},\"articleSection\":\"Personal, viajes, iberia\"},{\"@type\":\"BreadcrumbList\",\"@id\":\"https:\\\/\\\/ramonramon.org\\\/blog\\\/2014\\\/04\\\/10\\\/iberiamiente-y-el-intento-burdo-de-destruir-en-lugar-de-buscar-soluciones\\\/#breadcrumblist\",\"itemListElement\":[{\"@type\":\"ListItem\",\"@id\":\"https:\\\/\\\/ramonramon.org\\\/blog#listItem\",\"position\":1,\"name\":\"Inicio\",\"item\":\"https:\\\/\\\/ramonramon.org\\\/blog\",\"nextItem\":{\"@type\":\"ListItem\",\"@id\":\"https:\\\/\\\/ramonramon.org\\\/blog\\\/category\\\/personal\\\/#listItem\",\"name\":\"Personal\"}},{\"@type\":\"ListItem\",\"@id\":\"https:\\\/\\\/ramonramon.org\\\/blog\\\/category\\\/personal\\\/#listItem\",\"position\":2,\"name\":\"Personal\",\"item\":\"https:\\\/\\\/ramonramon.org\\\/blog\\\/category\\\/personal\\\/\",\"nextItem\":{\"@type\":\"ListItem\",\"@id\":\"https:\\\/\\\/ramonramon.org\\\/blog\\\/category\\\/personal\\\/viajes\\\/#listItem\",\"name\":\"viajes\"},\"previousItem\":{\"@type\":\"ListItem\",\"@id\":\"https:\\\/\\\/ramonramon.org\\\/blog#listItem\",\"name\":\"Inicio\"}},{\"@type\":\"ListItem\",\"@id\":\"https:\\\/\\\/ramonramon.org\\\/blog\\\/category\\\/personal\\\/viajes\\\/#listItem\",\"position\":3,\"name\":\"viajes\",\"item\":\"https:\\\/\\\/ramonramon.org\\\/blog\\\/category\\\/personal\\\/viajes\\\/\",\"nextItem\":{\"@type\":\"ListItem\",\"@id\":\"https:\\\/\\\/ramonramon.org\\\/blog\\\/2014\\\/04\\\/10\\\/iberiamiente-y-el-intento-burdo-de-destruir-en-lugar-de-buscar-soluciones\\\/#listItem\",\"name\":\"#IberiaMiente, el intento burdo de destruir en lugar de buscar soluciones y por fin, una disculpa\"},\"previousItem\":{\"@type\":\"ListItem\",\"@id\":\"https:\\\/\\\/ramonramon.org\\\/blog\\\/category\\\/personal\\\/#listItem\",\"name\":\"Personal\"}},{\"@type\":\"ListItem\",\"@id\":\"https:\\\/\\\/ramonramon.org\\\/blog\\\/2014\\\/04\\\/10\\\/iberiamiente-y-el-intento-burdo-de-destruir-en-lugar-de-buscar-soluciones\\\/#listItem\",\"position\":4,\"name\":\"#IberiaMiente, el intento burdo de destruir en lugar de buscar soluciones y por fin, una disculpa\",\"previousItem\":{\"@type\":\"ListItem\",\"@id\":\"https:\\\/\\\/ramonramon.org\\\/blog\\\/category\\\/personal\\\/viajes\\\/#listItem\",\"name\":\"viajes\"}}]},{\"@type\":\"Person\",\"@id\":\"https:\\\/\\\/ramonramon.org\\\/blog\\\/#person\",\"name\":\"Ram\\u00f3n Ram\\u00f3n\",\"image\":{\"@type\":\"ImageObject\",\"@id\":\"https:\\\/\\\/ramonramon.org\\\/blog\\\/2014\\\/04\\\/10\\\/iberiamiente-y-el-intento-burdo-de-destruir-en-lugar-de-buscar-soluciones\\\/#personImage\",\"url\":\"https:\\\/\\\/ramonramon.org\\\/blog\\\/wp-content\\\/litespeed\\\/avatar\\\/42364fa67ab8a86686700065303abe2d.jpg?ver=1788115634\",\"width\":96,\"height\":96,\"caption\":\"Ram\\u00f3n Ram\\u00f3n\"}},{\"@type\":\"Person\",\"@id\":\"https:\\\/\\\/ramonramon.org\\\/blog\\\/author\\\/admin\\\/#author\",\"url\":\"https:\\\/\\\/ramonramon.org\\\/blog\\\/author\\\/admin\\\/\",\"name\":\"Ram\\u00f3n Ram\\u00f3n\",\"image\":{\"@type\":\"ImageObject\",\"@id\":\"https:\\\/\\\/ramonramon.org\\\/blog\\\/2014\\\/04\\\/10\\\/iberiamiente-y-el-intento-burdo-de-destruir-en-lugar-de-buscar-soluciones\\\/#authorImage\",\"url\":\"https:\\\/\\\/ramonramon.org\\\/blog\\\/wp-content\\\/litespeed\\\/avatar\\\/42364fa67ab8a86686700065303abe2d.jpg?ver=1788115634\",\"width\":96,\"height\":96,\"caption\":\"Ram\\u00f3n Ram\\u00f3n\"}},{\"@type\":\"WebPage\",\"@id\":\"https:\\\/\\\/ramonramon.org\\\/blog\\\/2014\\\/04\\\/10\\\/iberiamiente-y-el-intento-burdo-de-destruir-en-lugar-de-buscar-soluciones\\\/#webpage\",\"url\":\"https:\\\/\\\/ramonramon.org\\\/blog\\\/2014\\\/04\\\/10\\\/iberiamiente-y-el-intento-burdo-de-destruir-en-lugar-de-buscar-soluciones\\\/\",\"name\":\"#IberiaMiente, el intento burdo de destruir en lugar de buscar soluciones y por fin, una disculpa\",\"description\":\"Como imagino ya muchos sabr\\u00e9is, el pasado 29 de marzo deb\\u00eda regresar a M\\u00e1laga, sin embargo, entre Avianca e Iberia se propusieron que no lo hiciera. No me extender\\u00e9 porque ya lo hice en el post anterior, lo \\u00fanico es insistir que intent\\u00e9 cambiar mi vuelo de regreso a Espa\\u00f1a por todas las v\\u00edas, telef\\u00f3nicamente\",\"inLanguage\":\"es-ES\",\"isPartOf\":{\"@id\":\"https:\\\/\\\/ramonramon.org\\\/blog\\\/#website\"},\"breadcrumb\":{\"@id\":\"https:\\\/\\\/ramonramon.org\\\/blog\\\/2014\\\/04\\\/10\\\/iberiamiente-y-el-intento-burdo-de-destruir-en-lugar-de-buscar-soluciones\\\/#breadcrumblist\"},\"author\":{\"@id\":\"https:\\\/\\\/ramonramon.org\\\/blog\\\/author\\\/admin\\\/#author\"},\"creator\":{\"@id\":\"https:\\\/\\\/ramonramon.org\\\/blog\\\/author\\\/admin\\\/#author\"},\"datePublished\":\"2014-04-10T16:42:04+02:00\",\"dateModified\":\"2015-01-28T10:18:08+01:00\"},{\"@type\":\"WebSite\",\"@id\":\"https:\\\/\\\/ramonramon.org\\\/blog\\\/#website\",\"url\":\"https:\\\/\\\/ramonramon.org\\\/blog\\\/\",\"name\":\"RAMON RAMON\",\"description\":\"Comunicaci\\u00f3n pol\\u00edtica y campa\\u00f1as electorales\",\"inLanguage\":\"es-ES\",\"publisher\":{\"@id\":\"https:\\\/\\\/ramonramon.org\\\/blog\\\/#person\"}}]}\n\t\t<\/script>\n\t\t<!-- All in One SEO Pro -->\r\n\t\t<title>#IberiaMiente, el intento burdo de destruir en lugar de buscar soluciones y por fin, una disculpa<\/title>\n\n","aioseo_head_json":{"title":"#IberiaMiente, el intento burdo de destruir en lugar de buscar soluciones y por fin, una disculpa","description":"Como imagino ya muchos sabr\u00e9is, el pasado 29 de marzo deb\u00eda regresar a M\u00e1laga, sin embargo, entre Avianca e Iberia se propusieron que no lo hiciera. No me extender\u00e9 porque ya lo hice en el post anterior, lo \u00fanico es insistir que intent\u00e9 cambiar mi vuelo de regreso a Espa\u00f1a por todas las v\u00edas, telef\u00f3nicamente","canonical_url":"https:\/\/ramonramon.org\/blog\/2014\/04\/10\/iberiamiente-y-el-intento-burdo-de-destruir-en-lugar-de-buscar-soluciones\/","robots":"max-image-preview:large","keywords":"","webmasterTools":{"miscellaneous":"&lt;!-- Google tag (gtag.js) --&gt;\n&lt;script async src=\"https:\/\/www.googletagmanager.com\/gtag\/js?id=G-5BVWGR1LLZ\"&gt;&lt;\/script&gt;\n&lt;script&gt;\n  window.dataLayer = window.dataLayer || [];\n  function gtag(){dataLayer.push(arguments);}\n  gtag('js', new Date());\n\n  gtag('config', 'G-5BVWGR1LLZ');\n&lt;\/script&gt;"},"schema":{"@context":"https:\/\/schema.org","@graph":[{"@type":"BlogPosting","@id":"https:\/\/ramonramon.org\/blog\/2014\/04\/10\/iberiamiente-y-el-intento-burdo-de-destruir-en-lugar-de-buscar-soluciones\/#blogposting","name":"#IberiaMiente, el intento burdo de destruir en lugar de buscar soluciones y por fin, una disculpa","headline":"#IberiaMiente, el intento burdo de destruir en lugar de buscar soluciones y por fin, una disculpa","author":{"@id":"https:\/\/ramonramon.org\/blog\/author\/admin\/#author"},"publisher":{"@id":"https:\/\/ramonramon.org\/blog\/#person"},"image":{"@type":"ImageObject","@id":"https:\/\/ramonramon.org\/blog\/2014\/04\/10\/iberiamiente-y-el-intento-burdo-de-destruir-en-lugar-de-buscar-soluciones\/#articleImage","url":"https:\/\/ramonramon.org\/blog\/wp-content\/litespeed\/avatar\/42364fa67ab8a86686700065303abe2d.jpg?ver=1788115634","width":96,"height":96,"caption":"Ram\u00f3n Ram\u00f3n"},"datePublished":"2014-04-10T16:42:04+02:00","dateModified":"2015-01-28T10:18:08+01:00","inLanguage":"es-ES","mainEntityOfPage":{"@id":"https:\/\/ramonramon.org\/blog\/2014\/04\/10\/iberiamiente-y-el-intento-burdo-de-destruir-en-lugar-de-buscar-soluciones\/#webpage"},"isPartOf":{"@id":"https:\/\/ramonramon.org\/blog\/2014\/04\/10\/iberiamiente-y-el-intento-burdo-de-destruir-en-lugar-de-buscar-soluciones\/#webpage"},"articleSection":"Personal, viajes, iberia"},{"@type":"BreadcrumbList","@id":"https:\/\/ramonramon.org\/blog\/2014\/04\/10\/iberiamiente-y-el-intento-burdo-de-destruir-en-lugar-de-buscar-soluciones\/#breadcrumblist","itemListElement":[{"@type":"ListItem","@id":"https:\/\/ramonramon.org\/blog#listItem","position":1,"name":"Inicio","item":"https:\/\/ramonramon.org\/blog","nextItem":{"@type":"ListItem","@id":"https:\/\/ramonramon.org\/blog\/category\/personal\/#listItem","name":"Personal"}},{"@type":"ListItem","@id":"https:\/\/ramonramon.org\/blog\/category\/personal\/#listItem","position":2,"name":"Personal","item":"https:\/\/ramonramon.org\/blog\/category\/personal\/","nextItem":{"@type":"ListItem","@id":"https:\/\/ramonramon.org\/blog\/category\/personal\/viajes\/#listItem","name":"viajes"},"previousItem":{"@type":"ListItem","@id":"https:\/\/ramonramon.org\/blog#listItem","name":"Inicio"}},{"@type":"ListItem","@id":"https:\/\/ramonramon.org\/blog\/category\/personal\/viajes\/#listItem","position":3,"name":"viajes","item":"https:\/\/ramonramon.org\/blog\/category\/personal\/viajes\/","nextItem":{"@type":"ListItem","@id":"https:\/\/ramonramon.org\/blog\/2014\/04\/10\/iberiamiente-y-el-intento-burdo-de-destruir-en-lugar-de-buscar-soluciones\/#listItem","name":"#IberiaMiente, el intento burdo de destruir en lugar de buscar soluciones y por fin, una disculpa"},"previousItem":{"@type":"ListItem","@id":"https:\/\/ramonramon.org\/blog\/category\/personal\/#listItem","name":"Personal"}},{"@type":"ListItem","@id":"https:\/\/ramonramon.org\/blog\/2014\/04\/10\/iberiamiente-y-el-intento-burdo-de-destruir-en-lugar-de-buscar-soluciones\/#listItem","position":4,"name":"#IberiaMiente, el intento burdo de destruir en lugar de buscar soluciones y por fin, una disculpa","previousItem":{"@type":"ListItem","@id":"https:\/\/ramonramon.org\/blog\/category\/personal\/viajes\/#listItem","name":"viajes"}}]},{"@type":"Person","@id":"https:\/\/ramonramon.org\/blog\/#person","name":"Ram\u00f3n Ram\u00f3n","image":{"@type":"ImageObject","@id":"https:\/\/ramonramon.org\/blog\/2014\/04\/10\/iberiamiente-y-el-intento-burdo-de-destruir-en-lugar-de-buscar-soluciones\/#personImage","url":"https:\/\/ramonramon.org\/blog\/wp-content\/litespeed\/avatar\/42364fa67ab8a86686700065303abe2d.jpg?ver=1788115634","width":96,"height":96,"caption":"Ram\u00f3n Ram\u00f3n"}},{"@type":"Person","@id":"https:\/\/ramonramon.org\/blog\/author\/admin\/#author","url":"https:\/\/ramonramon.org\/blog\/author\/admin\/","name":"Ram\u00f3n Ram\u00f3n","image":{"@type":"ImageObject","@id":"https:\/\/ramonramon.org\/blog\/2014\/04\/10\/iberiamiente-y-el-intento-burdo-de-destruir-en-lugar-de-buscar-soluciones\/#authorImage","url":"https:\/\/ramonramon.org\/blog\/wp-content\/litespeed\/avatar\/42364fa67ab8a86686700065303abe2d.jpg?ver=1788115634","width":96,"height":96,"caption":"Ram\u00f3n Ram\u00f3n"}},{"@type":"WebPage","@id":"https:\/\/ramonramon.org\/blog\/2014\/04\/10\/iberiamiente-y-el-intento-burdo-de-destruir-en-lugar-de-buscar-soluciones\/#webpage","url":"https:\/\/ramonramon.org\/blog\/2014\/04\/10\/iberiamiente-y-el-intento-burdo-de-destruir-en-lugar-de-buscar-soluciones\/","name":"#IberiaMiente, el intento burdo de destruir en lugar de buscar soluciones y por fin, una disculpa","description":"Como imagino ya muchos sabr\u00e9is, el pasado 29 de marzo deb\u00eda regresar a M\u00e1laga, sin embargo, entre Avianca e Iberia se propusieron que no lo hiciera. No me extender\u00e9 porque ya lo hice en el post anterior, lo \u00fanico es insistir que intent\u00e9 cambiar mi vuelo de regreso a Espa\u00f1a por todas las v\u00edas, telef\u00f3nicamente","inLanguage":"es-ES","isPartOf":{"@id":"https:\/\/ramonramon.org\/blog\/#website"},"breadcrumb":{"@id":"https:\/\/ramonramon.org\/blog\/2014\/04\/10\/iberiamiente-y-el-intento-burdo-de-destruir-en-lugar-de-buscar-soluciones\/#breadcrumblist"},"author":{"@id":"https:\/\/ramonramon.org\/blog\/author\/admin\/#author"},"creator":{"@id":"https:\/\/ramonramon.org\/blog\/author\/admin\/#author"},"datePublished":"2014-04-10T16:42:04+02:00","dateModified":"2015-01-28T10:18:08+01:00"},{"@type":"WebSite","@id":"https:\/\/ramonramon.org\/blog\/#website","url":"https:\/\/ramonramon.org\/blog\/","name":"RAMON RAMON","description":"Comunicaci\u00f3n pol\u00edtica y campa\u00f1as electorales","inLanguage":"es-ES","publisher":{"@id":"https:\/\/ramonramon.org\/blog\/#person"}}]},"og:locale":"es_ES","og:site_name":"Ram\u00f3n Ram\u00f3n - Comunicaci\u00f3n pol\u00edtica y campa\u00f1as electorales","og:type":"article","og:title":"#IberiaMiente, el intento burdo de destruir en lugar de buscar soluciones y por fin, una disculpa","og:description":"Como imagino ya muchos sabr\u00e9is, el pasado 29 de marzo deb\u00eda regresar a M\u00e1laga, sin embargo, entre Avianca e Iberia se propusieron que no lo hiciera. No me extender\u00e9 porque ya lo hice en el post anterior, lo \u00fanico es insistir que intent\u00e9 cambiar mi vuelo de regreso a Espa\u00f1a por todas las v\u00edas, telef\u00f3nicamente","og:url":"https:\/\/ramonramon.org\/blog\/2014\/04\/10\/iberiamiente-y-el-intento-burdo-de-destruir-en-lugar-de-buscar-soluciones\/","og:image":"https:\/\/ramonramon.org\/blog\/wp-content\/uploads\/2023\/12\/cropped-Marca-RR-03_trans.png","og:image:secure_url":"https:\/\/ramonramon.org\/blog\/wp-content\/uploads\/2023\/12\/cropped-Marca-RR-03_trans.png","og:image:width":2560,"og:image:height":1709,"article:published_time":"2014-04-10T14:42:04+00:00","article:modified_time":"2015-01-28T09:18:08+00:00","article:publisher":"https:\/\/www.facebook.com\/ramonramon","twitter:card":"summary_large_image","twitter:site":"@ramonramon","twitter:title":"#IberiaMiente, el intento burdo de destruir en lugar de buscar soluciones y por fin, una disculpa","twitter:description":"Como imagino ya muchos sabr\u00e9is, el pasado 29 de marzo deb\u00eda regresar a M\u00e1laga, sin embargo, entre Avianca e Iberia se propusieron que no lo hiciera. No me extender\u00e9 porque ya lo hice en el post anterior, lo \u00fanico es insistir que intent\u00e9 cambiar mi vuelo de regreso a Espa\u00f1a por todas las v\u00edas, telef\u00f3nicamente","twitter:image":"https:\/\/ramonramon.org\/blog\/wp-content\/uploads\/2023\/12\/cropped-Marca-RR-03_trans.png"},"aioseo_meta_data":{"post_id":"17480","title":null,"description":null,"keywords":null,"keyphrases":null,"primary_term":null,"canonical_url":null,"og_title":null,"og_description":null,"og_object_type":"default","og_image_type":"default","og_image_url":null,"og_image_width":null,"og_image_height":null,"og_image_custom_url":null,"og_image_custom_fields":null,"og_video":null,"og_custom_url":null,"og_article_section":null,"og_article_tags":null,"twitter_use_og":false,"twitter_card":"default","twitter_image_type":"default","twitter_image_url":null,"twitter_image_custom_url":null,"twitter_image_custom_fields":null,"twitter_title":null,"twitter_description":null,"schema":{"blockGraphs":[],"customGraphs":[],"default":{"data":{"Article":[],"Course":[],"Dataset":[],"FAQPage":[],"Movie":[],"Person":[],"Product":[],"ProductReview":[],"Car":[],"Recipe":[],"Service":[],"SoftwareApplication":[],"WebPage":[]},"graphName":"","isEnabled":true},"graphs":[]},"schema_type":"default","schema_type_options":null,"pillar_content":false,"robots_default":true,"robots_noindex":false,"robots_noarchive":false,"robots_nosnippet":false,"robots_nofollow":false,"robots_noimageindex":false,"robots_noodp":false,"robots_notranslate":false,"robots_max_snippet":null,"robots_max_videopreview":null,"robots_max_imagepreview":"large","priority":null,"frequency":null,"local_seo":null,"seo_analyzer_scan_date":"2026-08-19 17:40:06","breadcrumb_settings":null,"limit_modified_date":false,"ai":null,"created":"2023-08-04 15:55:02","updated":"2026-08-19 17:40:06","focus_keyword":null,"truseo":null,"additional_keywords":null,"truseo_locale":null},"aioseo_breadcrumb":"<div class=\"aioseo-breadcrumbs\"><span class=\"aioseo-breadcrumb\">\n\t<a href=\"https:\/\/ramonramon.org\/blog\" title=\"Inicio\">Inicio<\/a>\n<\/span><span class=\"aioseo-breadcrumb-separator\">&raquo;<\/span><span class=\"aioseo-breadcrumb\">\n\t<a href=\"https:\/\/ramonramon.org\/blog\/category\/personal\/\" title=\"Personal\">Personal<\/a>\n<\/span><span class=\"aioseo-breadcrumb-separator\">&raquo;<\/span><span class=\"aioseo-breadcrumb\">\n\t<a href=\"https:\/\/ramonramon.org\/blog\/category\/personal\/viajes\/\" title=\"viajes\">viajes<\/a>\n<\/span><span class=\"aioseo-breadcrumb-separator\">&raquo;<\/span><span class=\"aioseo-breadcrumb\">\n\t#IberiaMiente, el intento burdo de destruir en lugar de buscar soluciones y por fin, una disculpa\n<\/span><\/div>","aioseo_breadcrumb_json":[{"label":"Inicio","link":"https:\/\/ramonramon.org\/blog"},{"label":"Personal","link":"https:\/\/ramonramon.org\/blog\/category\/personal\/"},{"label":"viajes","link":"https:\/\/ramonramon.org\/blog\/category\/personal\/viajes\/"},{"label":"#IberiaMiente, el intento burdo de destruir en lugar de buscar soluciones y por fin, una disculpa","link":"https:\/\/ramonramon.org\/blog\/2014\/04\/10\/iberiamiente-y-el-intento-burdo-de-destruir-en-lugar-de-buscar-soluciones\/"}],"_links":{"self":[{"href":"https:\/\/ramonramon.org\/blog\/wp-json\/wp\/v2\/posts\/17480","targetHints":{"allow":["GET"]}}],"collection":[{"href":"https:\/\/ramonramon.org\/blog\/wp-json\/wp\/v2\/posts"}],"about":[{"href":"https:\/\/ramonramon.org\/blog\/wp-json\/wp\/v2\/types\/post"}],"author":[{"embeddable":true,"href":"https:\/\/ramonramon.org\/blog\/wp-json\/wp\/v2\/users\/2070"}],"replies":[{"embeddable":true,"href":"https:\/\/ramonramon.org\/blog\/wp-json\/wp\/v2\/comments?post=17480"}],"version-history":[{"count":0,"href":"https:\/\/ramonramon.org\/blog\/wp-json\/wp\/v2\/posts\/17480\/revisions"}],"wp:attachment":[{"href":"https:\/\/ramonramon.org\/blog\/wp-json\/wp\/v2\/media?parent=17480"}],"wp:term":[{"taxonomy":"category","embeddable":true,"href":"https:\/\/ramonramon.org\/blog\/wp-json\/wp\/v2\/categories?post=17480"},{"taxonomy":"post_tag","embeddable":true,"href":"https:\/\/ramonramon.org\/blog\/wp-json\/wp\/v2\/tags?post=17480"}],"curies":[{"name":"wp","href":"https:\/\/api.w.org\/{rel}","templated":true}]}}