{"id":17454,"date":"2015-02-12T14:40:46","date_gmt":"2015-02-12T13:40:46","guid":{"rendered":"https:\/\/www.ramonramon.org\/blog\/?p=17454"},"modified":"2022-07-30T12:22:13","modified_gmt":"2022-07-30T10:22:13","slug":"presentacion-de-mi-ponencia-en-la-v-cumbre-mundial-de-comunicacion-politica","status":"publish","type":"post","link":"https:\/\/ramonramon.org\/blog\/2015\/02\/12\/presentacion-de-mi-ponencia-en-la-v-cumbre-mundial-de-comunicacion-politica\/","title":{"rendered":"Comunicaci\u00f3n Pol\u00edtica en la Sociedad Red"},"content":{"rendered":"<h3 class=\"western\" align=\"justify\">Ponencia y algunas reflexiones en torno a las nuevas formas de comunicar y hacer pol\u00edtica en la Sociedad Red, compartidas en la V Cumbre Mundial de Comunicaci\u00f3n Pol\u00edtica.<\/h3>\n<p class=\"western\" align=\"justify\"><span style=\"font-size: medium;\">Este <a href=\"https:\/\/www.ramonramon.org\/blog\/2015\/01\/29\/balance-ano-2014\/\" target=\"_blank\" rel=\"noopener noreferrer\">pasado 2014<\/a> tuve el honor de participar en las dos <a href=\"https:\/\/www.ramonramon.org\/blog\/?s=cumbre+mundial+comunicaci%C3%B3n\" target=\"_blank\" rel=\"noopener noreferrer\">Cumbres Mundiales de Comunicaci\u00f3n Pol\u00edtica<\/a>, tanto la celebrada en <a href=\"https:\/\/www.ramonramon.org\/blog\/2014\/03\/24\/publicado-el-programa-de-la-v-cumbre-mundial-de-comunicacion-politica\/\" target=\"_blank\" rel=\"noopener noreferrer\">Cartagena de Indias en marzo<\/a>, como la celebrada en <a href=\"https:\/\/www.ramonramon.org\/blog\/2014\/11\/13\/vi-cumbre-mundial-de-comunicacion-politica\/\" target=\"_blank\" rel=\"noopener noreferrer\">M\u00e9xico DF en diciembre.<\/a> Igualmente espero poder hacerlo -si el trabajo me lo permite- en las siguientes (la pr\u00f3xima ser\u00e1 en junio 2015 en Rep\u00fablica Dominicana).<\/span><\/p>\n<p class=\"western\" align=\"justify\"><img loading=\"lazy\" decoding=\"async\" class=\"alignleft size-medium wp-image-19633\" src=\"https:\/\/www.ramonramon.org\/blog\/wp-content\/uploads\/LibroVCumbreMundialComunicaci\u00f3nPol\u00edtica-509x478.jpg\" alt=\"Cumbre Mundial Comunicaci\u00f3n Pol\u00edtica\" width=\"212\" height=\"300\" srcset=\"https:\/\/ramonramon.org\/blog\/wp-content\/uploads\/LibroVCumbreMundialComunicaci\u00f3nPol\u00edtica-100x141.jpg 100w, https:\/\/ramonramon.org\/blog\/wp-content\/uploads\/LibroVCumbreMundialComunicaci\u00f3nPol\u00edtica.jpg 509w\" sizes=\"auto, (max-width: 212px) 100vw, 212px\" \/>En la <a href=\"https:\/\/www.ramonramon.org\/blog\/2014\/12\/19\/tras-mexico-bolivia-chipre-en-casa-por-navidad\/\" target=\"_blank\" rel=\"noopener noreferrer\">\u00faltima cumbre, la de M\u00e9xico DF<\/a>, se present\u00f3 el <a href=\"https:\/\/www.facebook.com\/cumbrecomunicacionpolitica\/photos\/a.302784729786049.70165.301364506594738\/803266073071243\/?type=1\" target=\"_blank\" rel=\"noopener noreferrer\">libro \u00abTendencias en Comunicaci\u00f3n Pol\u00edtica en Iberoam\u00e9rica\u00bb<\/a> en la que se recogen 50 conferencias exclusivas, entre las que tengo el honor de estar. M\u00e1s concretamente con la ponencia:<\/p>\n<h2 class=\"entry-title\"><a title=\"Enlace a... Pol\u00edtica del siglo XXI y ciudadan\u00eda digital. Estrategias para una comunicaci\u00f3n pol\u00edtica eficaz, \u00e9tica y democr\u00e1tica\" href=\"https:\/\/www.ramonramon.org\/blog\/2014\/03\/12\/politica-del-siglo-xxi-ciudadania\/\" rel=\"bookmark\">Pol\u00edtica del siglo XXI y ciudadan\u00eda digital. Estrategias para una comunicaci\u00f3n pol\u00edtica eficaz, \u00e9tica y democr\u00e1tica<\/a><\/h2>\n<p>&nbsp;<\/p>\n<p>Ahora, algunos meses despu\u00e9s, y tras la publicaci\u00f3n del citado libro comparto con todos ustedes la transcripci\u00f3n de dicha ponencia, esperando pueda servir para compartir reflexiones y experiencias sobre un tema que me apasiona y en el que trabajo:<\/p>\n<h5 class=\"entry-title\"><a title=\"Enlace a... Pol\u00edtica del siglo XXI y ciudadan\u00eda digital. Estrategias para una comunicaci\u00f3n pol\u00edtica eficaz, \u00e9tica y democr\u00e1tica\" href=\"https:\/\/www.ramonramon.org\/blog\/2014\/03\/12\/politica-del-siglo-xxi-ciudadania\/\" rel=\"bookmark\">Pol\u00edtica del siglo XXI y ciudadan\u00eda digital. Estrategias para una comunicaci\u00f3n pol\u00edtica eficaz, \u00e9tica y democr\u00e1tica<\/a><\/h5>\n<p class=\"western\" align=\"justify\"><em><span style=\"font-size: medium;\">M\u00e1s de 2000 a\u00f1os de historia para pasar del papiro egipcio al papiro digital, y al igual que el soporte, la comunicaci\u00f3n ha ido variando junto a esta nueva Sociedad. No existen 2 sociedades, digital y f\u00edsica, existe una sola que se nutre de ambos mundos, y tanto usemos o no computadoras, nos convierte a todos y todas en ciudadan\u00eda digital.<\/span><\/em><!--more--><\/p>\n<p class=\"western\" align=\"justify\"><em><span style=\"font-size: medium;\">Me explico con un ejemplo, hoy en d\u00eda, un simple comentario en twitter de un reconocido asesor financiero en Wall Street es capaz de generar tanta riqueza o p\u00e9rdida como lo que costar\u00eda acabar con la hambruna en un pa\u00eds. Es la nueva teor\u00eda del caos y del efecto mariposa.<\/span><\/em><\/p>\n<p class=\"western\" align=\"justify\"><em><span style=\"font-size: medium;\">La Asamblea General de la ONU consider\u00f3 internet como derecho humano, ya que \u201cno s\u00f3lo permite a los individuos ejercer su derecho de opini\u00f3n y expresi\u00f3n, sino que tambi\u00e9n forma parte de sus derechos humanos y promueve el acceso de la sociedad en su conjunto\u201d, acceso que \u201cdebe mantenerse especialmente en momentos pol\u00edticos clave como elecciones, tiempos de intranquilidad social o aniversarios hist\u00f3ricos y pol\u00edticos\u201d<\/span><\/em><\/p>\n<p class=\"western\" align=\"justify\"><em><span style=\"font-size: medium;\">Esta nueva Sociedad presenta nuevos h\u00e1bitos, hemos pasado <\/span><\/em><\/p>\n<ul>\n<li>\n<p class=\"western\" align=\"justify\"><em><span style=\"font-size: medium;\">Del todos al nosotros, mi gente, mi grupo, mi pandilla<\/span><\/em><\/p>\n<\/li>\n<li>\n<p class=\"western\" align=\"justify\"><em><span style=\"font-size: medium;\">Del escucho y veo, al tengo una opini\u00f3n, y la comparto<\/span><\/em><\/p>\n<\/li>\n<li>\n<p class=\"western\" align=\"justify\"><em><span style=\"font-size: medium;\">Del acepto o me gusta a soy cr\u00edtico y lo quiero compartir<\/span><\/em><\/p>\n<\/li>\n<\/ul>\n<p class=\"western\" align=\"justify\"><em><span style=\"font-size: medium;\">Hemos pasado de un producto v\u00e1lido para todos, del consumo de los mismos contenidos, a multitud de fuentes de informaci\u00f3n, suministros,&#8230;<\/span><\/em><\/p>\n<p class=\"western\" align=\"justify\"><em><span style=\"font-size: medium;\">Y aunque inicialmente se planteaba la posibilidad de un problema de cohesi\u00f3n social, lo \u00fanico que ha variado ha sido la relaci\u00f3n, que pasa de ser geogr\u00e1fica a psicogr\u00e1fica. <\/span><span style=\"font-size: medium;\"><b>La interacci\u00f3n es m\u00e1s profunda pero con menos personas<\/b><\/span><span style=\"font-size: medium;\">.<\/span><\/em><\/p>\n<p class=\"western\" align=\"justify\"><em><span style=\"font-size: medium;\">Surgen nuevos conceptos:<\/span><\/em><\/p>\n<ul>\n<li class=\"western\"><em><span style=\"font-size: medium;\">Periodismo ciudadano, miles de personas generando informaci\u00f3n y comparti\u00e9ndola, como se comprueba en los acontecimientos que d\u00eda a d\u00eda vemos en la historia reciente y en los noticieros de cualquier medio de comunicaci\u00f3n<\/span><\/em><\/li>\n<li class=\"western\"><em><span style=\"font-size: medium;\">Procom\u00fan, el bien que debe ser regulado y protegido porque es de todos y de nadie a la vez. La econom\u00eda del bien com\u00fan, compartir y pensar de forma global es parte de esta nueva sociedad<\/span><\/em><\/li>\n<li class=\"western\"><em><span style=\"font-size: medium;\">Cultura, Conocimiento, software, todos libres y abiertos, compartir cultura, conocimiento, c\u00f3digo es la mejor manera de progresar, mejorar, \u2026<\/span><\/em><\/li>\n<li class=\"western\"><em><span style=\"font-size: medium;\">Sociedad del conocimiento, porque la informaci\u00f3n no es suficiente, necesitamos conocimiento<\/span><\/em><\/li>\n<li class=\"western\"><em><span style=\"font-size: medium;\">Sharismo, Sociedad-Red, principios que conforman esta nueva Sociedad del 2.0<\/span><\/em><\/li>\n<li class=\"western\"><em><span style=\"font-size: medium;\">Big Data, un mont\u00f3n de informaci\u00f3n que mediante su procesamiento se convierte en sabidur\u00eda<\/span><\/em><\/li>\n<\/ul>\n<p class=\"western\" align=\"justify\"><em><span style=\"font-size: medium;\">El propio TIME ya refleja este cambio de Sociedad, del YOU al protester, al ciudadano en el centro de la acci\u00f3n pol\u00edtica.<\/span><\/em><\/p>\n<p class=\"western\" align=\"justify\"><em><span style=\"font-size: medium;\">Porque la ciudadan\u00eda utiliza las herramientas tecnol\u00f3gicas, que ya es algo cotidiano de esta nueva Sociedad, para comunicarse, compartir, informarse,&#8230;.. Antes esa tecnolog\u00eda estaba en manos de unos pocos privilegiados (hackers, inform\u00e1ticos que con cualquier actuaci\u00f3n ten\u00edan mucho impacto, pero que dada la dificultad para realizarlas y la necesidad de <img loading=\"lazy\" decoding=\"async\" class=\"alignright size-medium wp-image-19642\" src=\"https:\/\/www.ramonramon.org\/blog\/wp-content\/uploads\/VICumbreMundialComunicaci\u00f3nPol\u00edtica-850x478.jpg\" alt=\"Cumbre Mundial Comunicaci\u00f3n Pol\u00edtica\" width=\"300\" height=\"199\" srcset=\"https:\/\/ramonramon.org\/blog\/wp-content\/uploads\/VICumbreMundialComunicaci\u00f3nPol\u00edtica-213x141.jpg 213w, https:\/\/ramonramon.org\/blog\/wp-content\/uploads\/VICumbreMundialComunicaci\u00f3nPol\u00edtica-360x240.jpg 360w, https:\/\/ramonramon.org\/blog\/wp-content\/uploads\/VICumbreMundialComunicaci\u00f3nPol\u00edtica.jpg 2048w\" sizes=\"auto, (max-width: 300px) 100vw, 300px\" \/>muchas habilidades se produc\u00edan de muy de tarde en tarde) pero ahora son muchas y muchos los que las usan para decir que ya est\u00e1 bien, que est\u00e1n cansados de no participar, que quieren otro tipo de pol\u00edtica, nace la Tecnopol\u00edtica. <\/span><\/em><\/p>\n<p class=\"western\" align=\"justify\"><em><span style=\"font-size: medium;\">Estamos viviendo en plena Sociedad -RED como ya hace a\u00f1os defini\u00f3 Castells.<\/span><\/em><\/p>\n<p class=\"western\" align=\"justify\"><em><span style=\"font-size: medium;\">Una sociedad hipersaturada, donde el problema ahora no es la informaci\u00f3n, sino separar el grano de la paja. Pero una sociedad propicia para nuevas ideas, nuevas maneras de conversar, comunicarnos, crear, compartir,&#8230;y en el que surge con fuerza los principios de la <\/span><span style=\"font-size: medium;\"><b>\u00e9tica hacker<\/b><\/span><span style=\"font-size: medium;\"> y la filosof\u00eda del sharismo: \u201cPrimera vez en la historia de la humanidad en la que no es el que menos informaci\u00f3n comparte el que m\u00e1s poder tiene\u201d.<\/span><\/em><\/p>\n<p align=\"justify\"><em><span style=\"font-family: DejaVu Sans Condensed,serif;\"><span style=\"font-size: x-large;\"><span style=\"font-family: Times New Roman,serif;\"><span style=\"font-size: medium;\">Internet se ha convertido en la <\/span><\/span><span style=\"font-family: Times New Roman,serif;\"><span style=\"font-size: medium;\"><b>fuente de informaci\u00f3n<\/b><\/span><\/span><span style=\"font-family: Times New Roman,serif;\"><span style=\"font-size: medium;\">, de la <\/span><\/span><span style=\"font-family: Times New Roman,serif;\"><span style=\"font-size: medium;\"><b>realidad que est\u00e1 ocurriendo<\/b><\/span><\/span><span style=\"font-family: Times New Roman,serif;\"><span style=\"font-size: medium;\"> en este momento, y es el <\/span><\/span><span style=\"font-family: Times New Roman,serif;\"><span style=\"font-size: medium;\"><b>mejor canal para difundir al instante<\/b><\/span><\/span><span style=\"font-family: Times New Roman,serif;\"><span style=\"font-size: medium;\"> la informaci\u00f3n en situaci\u00f3n de crisis pol\u00edtica.<\/span><\/span><\/span><\/span><\/em><\/p>\n<p align=\"justify\"><em><span style=\"font-family: DejaVu Sans Condensed,serif;\"><span style=\"font-size: x-large;\"><span style=\"font-family: Times New Roman,serif;\"><span style=\"font-size: medium;\">Ahora bien, <\/span><\/span><span style=\"font-family: Times New Roman,serif;\"><span style=\"font-size: medium;\"><b>\u00bfes compatible esta nueva Sociedad-Red con el sistema actual pol\u00edtico?<\/b><\/span><\/span><\/span><\/span><\/em><\/p>\n<p align=\"justify\"><em><span style=\"font-family: DejaVu Sans Condensed,serif;\"><span style=\"font-size: x-large;\"><span style=\"font-family: Times New Roman,serif;\"><span style=\"font-size: medium;\">Hablamos de \u00e9tica y valores 2.0, una <\/span><\/span><span style=\"color: #000080;\"><span lang=\"zxx\"><span style=\"text-decoration: underline;\"><a href=\"http:\/\/es.wikipedia.org\/wiki\/\u00c9tica_hacker\"><span style=\"font-family: Times New Roman,serif;\"><span style=\"font-size: medium;\">\u00e9tica de tipo axiol\u00f3gico<\/span><\/span><\/a><\/span><\/span><\/span><span style=\"font-family: Times New Roman,serif;\"><span style=\"font-size: medium;\"> que defiende principios irrenunciables y compartidos por todos, tales como conciencia social, libre acceso a la informaci\u00f3n, anti-corrupuci\u00f3n, pasi\u00f3n, libertad, verdad, lucha contra la alienaci\u00f3n del hombre, igualdad social, valor social (reconocimiento entre semejantes), accesibilidad, actividad, preocupaci\u00f3n responsable, curiosidad, creatividad e inter\u00e9s.<\/span><\/span><\/span><\/span><\/em><\/p>\n<p align=\"justify\"><em><span style=\"font-family: Times New Roman,serif;\"><span style=\"font-size: medium;\">Principios que como la comunicaci\u00f3n pol\u00edtica debe contribuir a la democracia deliberativa, a la ciudadan\u00eda activa, y no, como lamentablemente ocurre, al intento de aprovecharse de la Sociedad- Red y todo lo que ha significado.<\/span><\/span><\/em><\/p>\n<p align=\"right\"><em><span style=\"font-family: DejaVu Sans Condensed,serif;\"><span style=\"font-size: x-large;\"><span style=\"font-family: Times New Roman,serif;\"><span style=\"font-size: medium;\"><b>La Pol\u00edtica ha sido devorada por la comunicaci\u00f3n pol\u00edtica<\/b><\/span><\/span><span style=\"font-family: Times New Roman,serif;\"><span style=\"font-size: medium;\">.<\/span><\/span><\/span><\/span><\/em><\/p>\n<p align=\"justify\"><em><span style=\"font-family: DejaVu Sans Condensed,serif;\"><span style=\"font-size: x-large;\"><span style=\"font-family: Times New Roman,serif;\"><span style=\"font-size: medium;\">Pero nos guste o no, la pol\u00edtica del siglo XXI est\u00e1 influida por estos valores: meritocracia, \u00e9tica hacker, tecnopol\u00edtica,&#8230; valores del 2.0 como son la co-creaci\u00f3n, las comunidades, que son due\u00f1as de sus propias creaciones mediante la inteligencia colectiva y no de los propietarios de la marca. <\/span><\/span><span style=\"font-family: Times New Roman,serif;\"><span style=\"font-size: medium;\"><b>Pol\u00edtica en su sentido m\u00e1s amplio<\/b><\/span><\/span><span style=\"font-family: Times New Roman,serif;\"><span style=\"font-size: medium;\">, que no partidos.<\/span><\/span><\/span><\/span><\/em><\/p>\n<p align=\"justify\"><em><span style=\"font-family: Times New Roman,serif;\"><span style=\"font-size: medium;\">Los usuarios colaboran si ellos quieren, y son las marcas las que est\u00e1n al servicio de ellos.<\/span><\/span><\/em><\/p>\n<p align=\"justify\"><em><span style=\"font-family: Times New Roman,serif;\"><span style=\"font-size: medium;\">Las entidades pierden el poder de la comunicaci\u00f3n, el canal unidireccional ya no es el exclusivo, se comunica muchos a muchos.<\/span><\/span><\/em><\/p>\n<p align=\"justify\"><em><span style=\"font-family: Times New Roman,serif;\"><span style=\"font-size: medium;\">Pasamos del voto cada 4 a\u00f1os, a tengo una opini\u00f3n, uso todas las herramientas de comunicaci\u00f3n posible para mostrar mi disconformidad, y una vez m\u00e1s, comunicando emociones, sentimientos, \u2026 que genera empat\u00eda, apoyo, difusi\u00f3n, viralidad,&#8230;. valores de las redes sociales o 2.0<\/span><\/span><\/em><\/p>\n<p align=\"justify\"><em><span style=\"font-family: Times New Roman,serif;\"><span style=\"font-size: medium;\">Pasamos igualmente de \u201cla verdad del medio de masas\u201d a tengo el poder de comunicar.<\/span><\/span><\/em><\/p>\n<p align=\"justify\"><em><span style=\"font-family: Times New Roman,serif;\"><span style=\"font-size: medium;\">O lo que es lo mismo, pasamos de:<\/span><\/span><\/em><\/p>\n<ul>\n<li>\n<p align=\"justify\"><em><span style=\"font-family: Times New Roman,serif;\"><span style=\"font-size: medium;\">Los medios son el mensaje (McLuhan en 1970) a<\/span><\/span><\/em><\/p>\n<\/li>\n<li>\n<p align=\"justify\"><em><span style=\"font-family: Times New Roman,serif;\"><span style=\"font-size: medium;\">El pueblo es el mensaje:<\/span><\/span><\/em><\/p>\n<ul>\n<li>\n<p align=\"justify\"><em><span style=\"font-family: Times New Roman,serif;\"><span style=\"font-size: medium;\"> ya no es suficiente la autor\u00eda<\/span><\/span><\/em><\/p>\n<\/li>\n<li>\n<p align=\"justify\"><em><span style=\"font-family: Times New Roman,serif;\"><span style=\"font-size: medium;\"> el mensaje est\u00e1 vivo y en constante transformaci\u00f3n<\/span><\/span><\/em><\/p>\n<\/li>\n<\/ul>\n<\/li>\n<li>\n<p align=\"justify\"><em><span style=\"font-family: Times New Roman,serif;\"><span style=\"font-size: medium;\">El mensaje son las personas. Si \u00e9stas no est\u00e1n de acuerdo, lo expresaran<\/span><\/span><\/em><\/p>\n<\/li>\n<\/ul>\n<p align=\"justify\"><em><span style=\"font-family: Times New Roman,serif;\"><span style=\"font-size: medium;\">Y de ah\u00ed, a las revueltas de la primavera \u00e1rabe, y el sinf\u00edn de movilizaciones mundiales, como los indignados o 15m.<\/span><\/span><\/em><\/p>\n<p align=\"justify\"><em><span style=\"font-family: DejaVu Sans Condensed,serif;\"><span style=\"font-size: x-large;\"><span style=\"font-family: Times New Roman,serif;\"><span style=\"font-size: medium;\">Que gracias a diversos estudios, como los <\/span><\/span><span style=\"color: #000080;\"><span lang=\"zxx\"><span style=\"text-decoration: underline;\"><span style=\"font-family: Times New Roman,serif;\"><span style=\"font-size: medium;\">desarrollados por BIFI<\/span><\/span><\/span><\/span><\/span><span style=\"font-family: Times New Roman,serif;\"><span style=\"font-size: medium;\"> (grupo de investigaci\u00f3n de la universidad de Zaragoza) nos confirman lo que ya era visible en las propias movilizaciones:<\/span><\/span><\/span><\/span><\/em><\/p>\n<ul>\n<li>\n<p align=\"justify\"><em><span style=\"font-family: Times New Roman,serif;\"><span style=\"font-size: medium;\">Organizaci\u00f3n sin intervenci\u00f3n exterior, red auto-organizada<\/span><\/span><\/em><\/p>\n<\/li>\n<li>\n<p align=\"justify\"><em><span style=\"font-family: Times New Roman,serif;\"><span style=\"font-size: medium;\">Nuevos usuarios se incorporan, pero casi siempre hacia los nodos m\u00e1s relevantes<\/span><\/span><\/em><\/p>\n<\/li>\n<li>\n<p align=\"justify\"><em><span style=\"font-family: Times New Roman,serif;\"><span style=\"font-size: medium;\">Mayor\u00eda de mensajes concentrados en principales nodos (existencia de usuarios relevantes)<\/span><\/span><\/em><\/p>\n<\/li>\n<li>\n<p align=\"justify\"><em><span style=\"font-family: Times New Roman,serif;\"><span style=\"font-size: medium;\">No hay nodos indispensables aunque hay nodos importantes que cohesionan<\/span><\/span><\/em><\/p>\n<\/li>\n<li>\n<p align=\"justify\"><em><span style=\"font-family: Times New Roman,serif;\"><span style=\"font-size: medium;\">Diversidad y heterogeneidad de actores principales<\/span><\/span><\/em><\/p>\n<\/li>\n<\/ul>\n<p align=\"justify\"><em><span style=\"font-family: DejaVu Sans Condensed,serif;\"><span style=\"font-size: x-large;\"><span style=\"font-family: Times New Roman,serif;\"><span style=\"font-size: medium;\">O bien los <\/span><\/span><a href=\"http:\/\/www.europapress.es\/epsocial\/noticia-78-espanoles-conocen-15m-85-millones-participado-20110803144318.html\"><span style=\"color: #000080;\"><span lang=\"zxx\"><span style=\"text-decoration: underline;\"><span style=\"font-family: Times New Roman,serif;\"><span style=\"font-size: medium;\">estudios de <\/span><\/span><\/span><\/span><\/span><span style=\"color: #000080;\"><span lang=\"zxx\"><span style=\"text-decoration: underline;\"><span style=\"font-family: Times New Roman,serif;\"><span style=\"font-size: medium;\">Ipsos Public Affairs<\/span><\/span><\/span><\/span><\/span><\/a><span style=\"font-family: Times New Roman,serif;\"><span style=\"font-size: medium;\"> sobre los acontecimientos del propio 15m:<\/span><\/span><\/span><\/span><\/em><\/p>\n<ul>\n<li><em><span style=\"font-family: Times New Roman,serif;\"><span style=\"font-size: medium;\">De 850,000 a un mill\u00f3n y medio de personas fuertemente implicadas<\/span><\/span><\/em><\/li>\n<li><em><span style=\"font-family: Times New Roman,serif;\"><span style=\"font-size: medium;\">De 6 a 8,5 millones de personas que participaron de alguna manera (casi la cantidad de votos que sacan los dos grandes partidos pol\u00edticos espa\u00f1oles)<\/span><\/span><\/em><\/li>\n<li><em><span style=\"font-family: Times New Roman,serif;\"><span style=\"font-size: medium;\">De 34 millones de espa\u00f1oles (75% de la poblaci\u00f3n) que mostraron simpat\u00eda<\/span><\/span><\/em><\/li>\n<li><em><span style=\"font-family: Times New Roman,serif;\"><span style=\"font-size: medium;\">Y en Mayo 2013, dos a\u00f1os m\u00e1s tarde de las movilizaciones del 15m, el 70% poblaci\u00f3n mantienen inter\u00e9s<\/span><\/span><\/em><\/li>\n<\/ul>\n<p align=\"justify\"><em><span style=\"font-family: DejaVu Sans Condensed,serif;\"><span style=\"font-size: x-large;\"><span style=\"font-family: Times New Roman,serif;\"><span style=\"font-size: medium;\">Otros <\/span><\/span><span style=\"color: #000080;\"><span lang=\"zxx\"><span style=\"text-decoration: underline;\"><span style=\"font-family: Times New Roman,serif;\"><span style=\"font-size: medium;\">estudios, como los de <\/span><\/span><\/span><\/span><\/span><span style=\"color: #000080;\"><span lang=\"zxx\"><span style=\"text-decoration: underline;\"><span style=\"font-family: Times New Roman,serif;\"><span style=\"font-size: medium;\">Gather Estudios<\/span><\/span><\/span><\/span><\/span><span style=\"font-family: Times New Roman,serif;\"><span style=\"font-size: medium;\"> revelan que:<\/span><\/span><\/span><\/span><\/em><\/p>\n<p align=\"justify\"><em><span style=\"font-family: Times New Roman,serif;\"><span style=\"font-size: medium;\"> 71% de los participantes en el 15m no pertenec\u00eda a ning\u00fan partido pol\u00edtico<\/span><\/span><\/em><\/p>\n<p align=\"justify\"><em><span style=\"font-family: Times New Roman,serif;\"><span style=\"font-size: medium;\"> y el 6% no estaban en redes sociales<\/span><\/span><\/em><\/p>\n<p align=\"justify\"><em><span style=\"font-family: Times New Roman,serif;\"><span style=\"font-size: medium;\">Adem\u00e1s, podemos comprobar como los medios, que inicialmente no reaccionan ante el cambio, al final asumen esta nueva realidad, solo es necesario comprobar las portadas de los principales medios espa\u00f1oles.<\/span><\/span><\/em><\/p>\n<p align=\"justify\"><em><span style=\"font-family: DejaVu Sans Condensed,serif;\"><span style=\"font-size: x-large;\"><span style=\"font-family: Times New Roman,serif;\"><span style=\"font-size: medium;\">Y una vez m\u00e1s, se demuestra la ley de la fractura tecnol\u00f3gica, o como los cambios inform\u00e1ticos, que siempre se realizan con mayor velocidad y brusquedad en el \u00e1mbito tecnol\u00f3gico, son poco a pocos asumidos por los diferentes sectores que constituyen la Sociedad, siendo en el \u00e1mbito pol\u00edtico el que m\u00e1s tarde asume dichos cambios. <\/span><\/span><\/span><\/span><\/em><\/p>\n<p align=\"justify\"><em><span style=\"font-family: Times New Roman,serif;\"><span style=\"font-size: medium;\">\u00bfUn ejemplo? <a href=\"http:\/\/internacional.elpais.com\/internacional\/2014\/03\/21\/actualidad\/1395387818_481360.html\" target=\"_blank\" rel=\"noopener noreferrer\">Erdogan<\/a> y sus contundentes afirmaciones:<\/span><\/span><\/em><\/p>\n<p style=\"text-align: right;\" align=\"justify\"><em>\u201c<span style=\"font-family: DejaVu Sans Condensed,serif;\"><span style=\"font-size: x-large;\"><span style=\"font-family: Times New Roman,serif;\"><span style=\"font-size: medium;\">Hay un problema llamado twitter\u201d<\/span><\/span><\/span><\/span><\/em><\/p>\n<p style=\"text-align: right;\" align=\"justify\"><em>\u201c<span style=\"font-family: DejaVu Sans Condensed,serif;\"><span style=\"font-size: x-large;\"><span style=\"font-family: Times New Roman,serif;\"><span style=\"font-size: medium;\">eso que llaman redes sociales solo crea problemas para la sociedad actual\u201d<\/span><\/span><\/span><\/span><\/em><\/p>\n<p align=\"justify\"><em><span style=\"font-family: Times New Roman,serif;\"><span style=\"font-size: medium;\">Y nos planteamos algunas preguntas:<\/span><\/span><\/em><\/p>\n<p align=\"justify\"><em><span style=\"font-family: DejaVu Sans Condensed,serif;\"><span style=\"font-size: x-large;\"><span style=\"font-family: Times New Roman,serif;\"><span style=\"font-size: medium;\">\u00bf la actual sociedad? \u00bfla suya? \u00bfla de las plazas y espacios urbanos ocupados?<\/span><\/span><\/span><\/span><\/em><\/p>\n<p align=\"justify\"><em><span style=\"font-family: DejaVu Sans Condensed,serif;\"><span style=\"font-size: x-large;\"><span style=\"font-family: Times New Roman,serif;\"><span style=\"font-size: medium;\">\u00bfEs a caso que lo que triunfa en la red es lo que va contra el establishment? Y si fuese as\u00ed, \u00bf<\/span><\/span><span style=\"color: #000080;\"><span lang=\"zxx\"><span style=\"text-decoration: underline;\"><a href=\"https:\/\/www.ramonramon.org\/blog\/2014\/02\/11\/la-comunicacion-politica-y-los-valores-2-0\/\"><span style=\"font-family: Times New Roman,serif;\"><span style=\"font-size: medium;\">la comunicaci\u00f3n del siglo XXI<\/span><\/span><\/a><\/span><\/span><\/span><span style=\"font-family: Times New Roman,serif;\"><span style=\"font-size: medium;\"> servir\u00e1 para frenar, encauzar o espolear la indignaci\u00f3n colectiva?<\/span><\/span><\/span><\/span><\/em><\/p>\n<p align=\"justify\"><em><span style=\"font-family: Times New Roman,serif;\"><span style=\"font-size: medium;\">Y a\u00fan m\u00e1s, \u00bfpuede un partido pol\u00edtico asumir una reivindicaci\u00f3n contra si mismo?<\/span><\/span><\/em><\/p>\n<p align=\"justify\"><em><span style=\"font-family: DejaVu Sans Condensed,serif;\"><span style=\"font-size: x-large;\"><span style=\"font-family: Times New Roman,serif;\"><span style=\"font-size: medium;\">Estamos viviendo una nueva <\/span><\/span><span style=\"font-family: Times New Roman,serif;\"><span style=\"font-size: medium;\"><b>re(D)voluci\u00f3n<\/b><\/span><\/span><span style=\"font-family: Times New Roman,serif;\"><span style=\"font-size: medium;\">, basada en los valores 2.0:<\/span><\/span><\/span><\/span><\/em><\/p>\n<ul>\n<li>\n<p align=\"justify\"><em><span style=\"color: #004a4a;\"><span style=\"font-family: Times New Roman,serif;\"><span style=\"font-size: medium;\">Jerarqu\u00eda vs Autoridad<\/span><\/span><\/span><\/em><\/p>\n<\/li>\n<li>\n<p align=\"justify\"><em><span style=\"color: #004a4a;\"><span style=\"font-family: Times New Roman,serif;\"><span style=\"font-size: medium;\">Consignas vs Ideas<\/span><\/span><\/span><\/em><\/p>\n<\/li>\n<li>\n<p align=\"justify\"><em><span style=\"color: #004a4a;\"><span style=\"font-family: Times New Roman,serif;\"><span style=\"font-size: medium;\">Propaganda vs Conversaci\u00f3n<\/span><\/span><\/span><\/em><\/p>\n<\/li>\n<li>\n<p align=\"justify\"><em><span style=\"color: #004a4a;\"><span style=\"font-family: Times New Roman,serif;\"><span style=\"font-size: medium;\">Fidelidad vs Compromiso<\/span><\/span><\/span><\/em><\/p>\n<\/li>\n<\/ul>\n<p align=\"justify\"><em><span style=\"font-family: Times New Roman,serif;\"><span style=\"font-size: medium;\">Y, veamos un nuevo ejemplo.<\/span><\/span><\/em><\/p>\n<p align=\"justify\"><em><span style=\"font-family: Times New Roman,serif;\"><span style=\"font-size: medium;\">\u00bfQu\u00e9 ocurri\u00f3 para que de unos pocos indignados en la puerta del sol se pasara a esto?<\/span><\/span><\/em><\/p>\n<p align=\"justify\"><em><span style=\"font-family: Times New Roman,serif;\"><span style=\"font-size: medium;\">Algunos datos y\/o conclusiones a la que llegan los que han estudiado la parte m\u00e1s sociol\u00f3gica del 15m:<\/span><\/span><\/em><\/p>\n<ul>\n<li>\n<p align=\"justify\"><em><span style=\"font-family: Times New Roman,serif;\"><span style=\"font-size: medium;\">La red canaliza pero no crea<\/span><\/span><\/em><\/p>\n<\/li>\n<li>\n<p align=\"justify\"><em><span style=\"font-family: Times New Roman,serif;\"><span style=\"font-size: medium;\">Surgen por la indignaci\u00f3n y por la injusticia<\/span><\/span><\/em><\/p>\n<\/li>\n<li>\n<p align=\"justify\"><em><span style=\"font-family: Times New Roman,serif;\"><span style=\"font-size: medium;\">Es un proceso que se repite en casi todas las movilizaciones:<\/span><\/span><\/em><\/p>\n<\/li>\n<li>\n<p align=\"justify\"><em><span style=\"font-family: Times New Roman,serif;\"><span style=\"font-size: medium;\">El sentimiento de respaldo colectivo aumenta el poder de las decisiones individuales.<\/span><\/span><\/em><\/p>\n<\/li>\n<li>\n<p align=\"justify\"><em><span style=\"font-family: Times New Roman,serif;\"><span style=\"font-size: medium;\">Emociones compartidas y retroalimentadas, mediante la tecnopol\u00edtica<\/span><\/span><\/em><\/p>\n<\/li>\n<li>\n<p align=\"justify\"><em><span style=\"font-family: Times New Roman,serif;\"><span style=\"font-size: medium;\">Momentos de extraordinaria atenci\u00f3n y concentraci\u00f3n colectiva<\/span><\/span><\/em><\/p>\n<\/li>\n<li>\n<p align=\"justify\"><em><span style=\"font-family: Times New Roman,serif;\"><span style=\"font-size: medium;\">Se generan nuevos espacios de autorganizaci\u00f3n:<\/span><\/span><\/em><\/p>\n<\/li>\n<li>\n<p align=\"justify\"><em><span style=\"font-family: Times New Roman,serif;\"><span style=\"font-size: medium;\"> M\u00e1s inclusivos y distribuidos<\/span><\/span><\/em><\/p>\n<\/li>\n<li>\n<p align=\"justify\"><em><span style=\"font-family: Times New Roman,serif;\"><span style=\"font-size: medium;\"> Sin intermediaci\u00f3n y vinculaci\u00f3n<\/span><\/span><\/em><\/p>\n<\/li>\n<\/ul>\n<p align=\"justify\"><em><span style=\"font-family: DejaVu Sans Condensed,serif;\"><span style=\"font-size: x-large;\"><span style=\"font-family: Times New Roman,serif;\"><span style=\"font-size: medium;\">Mientras, los gobiernos, las administraciones p\u00fablicas a lo suyo, siguen sin entender, sin compartir los valores, las necesidades de esta nueva ciudadan\u00eda digital, siguen inmersos en <\/span><\/span><span style=\"color: #000080;\"><span lang=\"zxx\"><span style=\"text-decoration: underline;\"><a href=\"https:\/\/www.ramonramon.org\/blog\/2011\/02\/25\/gobierno-abierto-y-participativo-su-actual-divorcio\/\"><span style=\"font-family: Times New Roman,serif;\"><span style=\"font-size: medium;\">un \u201cdivorcio\u201d ciudadan\u00eda \u2013 administraciones p\u00fablicas<\/span><\/span><\/a><\/span><\/span><\/span><span style=\"font-family: Times New Roman,serif;\"><span style=\"font-size: medium;\">.<\/span><\/span><\/span><\/span><\/em><\/p>\n<p align=\"justify\"><em><span style=\"font-family: Times New Roman,serif;\"><span style=\"font-size: medium;\">Mientras la gente en la calle exige democracia, participaci\u00f3n, justicia, anticorrupci\u00f3n,&#8230;. las administraciones gastan ingentes cantidades de dinero p\u00fablicos en mil y una herramientas web, consultor\u00edas, anuncios,&#8230;. que luego ni son utilizadas ni conocidas por la ciudadan\u00eda.<\/span><\/span><\/em><\/p>\n<p align=\"justify\"><em><span style=\"font-family: DejaVu Sans Condensed,serif;\"><span style=\"font-size: x-large;\"><span style=\"font-family: Times New Roman,serif;\"><span style=\"font-size: medium;\">Los datos del <\/span><\/span><span style=\"color: #000080;\"><span lang=\"zxx\"><span style=\"text-decoration: underline;\"><span style=\"font-family: Times New Roman,serif;\"><span style=\"font-size: medium;\">estudio del Observatorio Nacional de las Telecomunicaciones y la Sociedad de la Informaci\u00f3n<\/span><\/span><\/span><\/span><\/span><span style=\"font-family: Times New Roman,serif;\"><span style=\"font-size: medium;\"> lo dejaban patente:<\/span><\/span><\/span><\/span><\/em><\/p>\n<p align=\"justify\"><strong><em>\u201c<span style=\"font-family: DejaVu Sans Condensed,serif;\"><span style=\"font-size: x-large;\"><span style=\"font-family: Times New Roman,serif;\"><span style=\"font-size: medium;\">El <\/span><\/span><span style=\"font-family: Times New Roman,serif;\"><span style=\"font-size: medium;\">91,5% <\/span><\/span><span style=\"font-family: Times New Roman,serif;\"><span style=\"font-size: medium;\">de los ciudadanos consideran necesaria la participaci\u00f3n de los ciudadanos en los asuntos p\u00fablicos\u201d y el \u201c<\/span><\/span><span style=\"font-family: Times New Roman,serif;\"><span style=\"font-size: medium;\">58,6%<\/span><\/span><span style=\"font-family: Times New Roman,serif;\"><span style=\"font-size: medium;\"> considera los canales de participaci\u00f3n existentes como insuficientes\u201d<\/span><\/span><\/span><\/span><\/em><\/strong><\/p>\n<p align=\"justify\"><em><span style=\"font-family: DejaVu Sans Condensed,serif;\"><span style=\"font-size: x-large;\"><span style=\"font-family: Times New Roman,serif;\"><span style=\"font-size: medium;\">Existe un completo descr\u00e9dito de administraciones y partidos, de la figura del pol\u00edtico tradicional. El agotamiento y apat\u00eda de la ciudadan\u00eda solo se ve roto cuando surgen movimientos ciudadanos que luchan contra el establishment, contra la indignaci\u00f3n colectiva que supone ver como no hay futuro, no hay esperanza, solo crisis y m\u00e1s crisis, sin posibilidad alguna de mejora o cambio.<\/span><\/span><\/span><\/span><\/em><\/p>\n<p align=\"justify\"><em><span style=\"font-family: Times New Roman,serif;\"><span style=\"font-size: medium;\">Y de nuevo, se vuelven a repetir los hechos, ahora en las <a href=\"https:\/\/www.ramonramon.org\/blog\/2014\/03\/23\/espana-y-las-marchasdignidad22m-el-enfrentamiento-entre-el-cuarto-y-el-quinto-poder\/\" target=\"_blank\" rel=\"noopener noreferrer\">marchas del 22 de marzo de 2014<\/a>:<\/span><\/span><\/em><\/p>\n<ul>\n<li>\n<p align=\"justify\"><em><span style=\"font-family: Times New Roman,serif;\"><span style=\"font-size: medium;\">Otra vez calles y plazas llenas de personas, millones de personas en toda Espa\u00f1a<\/span><\/span><\/em><em><span style=\"font-family: Times New Roman,serif;\"><span style=\"font-size: medium;\"><img loading=\"lazy\" decoding=\"async\" class=\" alignright\" src=\"http:\/\/i2.wp.com\/ramonramon.org\/blog\/wp-content\/uploads\/portadas_medios.jpg?resize=300%2C203\" alt=\"Comunicaci\u00f3n Pol\u00edtica cuarto poder\" width=\"316\" height=\"214\" \/><\/span><\/span><\/em><\/p>\n<\/li>\n<li>\n<p align=\"justify\"><em><span style=\"font-family: Times New Roman,serif;\"><span style=\"font-size: medium;\">Represi\u00f3n policial y foco en los altercados de cuatro v\u00e1ndalos<\/span><\/span><\/em><\/p>\n<\/li>\n<\/ul>\n<p align=\"justify\"><em><span style=\"font-family: Times New Roman,serif;\"><span style=\"font-size: medium;\">Mientras tanto, \u00bfd\u00f3nde est\u00e1 el cuarto poder? <a href=\"https:\/\/www.ramonramon.org\/blog\/2014\/03\/23\/espana-y-las-marchasdignidad22m-el-enfrentamiento-entre-el-cuarto-y-el-quinto-poder\/\" target=\"_blank\" rel=\"noopener noreferrer\">Avergonzando a la ciudadan\u00eda, mostrando en sus portadas del 23 de marzo<\/a> que no ocurri\u00f3 nada, o en su <\/span><\/span><\/em><em><span style=\"font-family: Times New Roman,serif;\"><span style=\"font-size: medium;\">defecto, mostrando actos vand\u00e1licos y cifras muy alejadas de la realidad de la calle. S\u00f3lo unos pocos medios, principalmente extranjeros, reconocen la importancia y el clamor popular.<\/span><\/span><\/em><\/p>\n<p align=\"justify\"><em><span style=\"font-family: Times New Roman,serif;\"><span style=\"font-size: medium;\">Necesitamos una comunicaci\u00f3n eficaz, basada en valores 2.0, meritocracia, compromiso, una conversaci\u00f3n real, en una respuesta acorde a lo que espera la ciudadan\u00eda, y no a un simple gesto por moda. <\/span><\/span><\/em><\/p>\n<p align=\"justify\"><em><span style=\"font-family: Times New Roman,serif;\"><span style=\"font-size: medium;\">Adem\u00e1s, en la comunicaci\u00f3n pol\u00edtica, necesitamos que lo que se comunica sea interesante para la ciudadan\u00eda, no para el pol\u00edtico o la entidad que lo quiere comunicar o vender.<\/span><\/span><\/em><\/p>\n<p align=\"justify\"><em><a name=\"firstHeading\"><\/a> <span style=\"font-family: DejaVu Sans Condensed,serif;\"><span style=\"font-size: x-large;\"><span style=\"font-family: Times New Roman,serif;\"><span style=\"font-size: medium;\">Hablamos igualmente de comunicaci\u00f3n eficaz, \u00bfeficaz para qu\u00e9 fines? Porque m\u00e1s eficaz que <\/span><\/span><span style=\"font-family: Times New Roman,serif;\"><span style=\"font-size: medium;\"><span lang=\"es-ES\">Goebbels,<\/span><\/span><\/span><span style=\"font-family: Times New Roman,serif;\"><span style=\"font-size: medium;\"> ya me dir\u00e1n. Debe ser eficaz, si, eficaz para la democracia y la \u00e9tica profesionalmente hablando. La comunicaci\u00f3n y las campa\u00f1as no pueden ser excluyentes.<\/span><\/span><\/span><\/span><\/em><\/p>\n<p align=\"justify\"><em><span style=\"font-family: DejaVu Sans Condensed,serif;\"><span style=\"font-size: x-large;\"><span style=\"font-family: Times New Roman,serif;\"><span style=\"font-size: medium;\">Y s\u00ed, la eterna pregunta, todo esto parece evidente, pero&#8230; \u00bfC\u00f3mo?<\/span><\/span><\/span><\/span><\/em><\/p>\n<p align=\"justify\"><em><span style=\"font-family: Times New Roman,serif;\"><span style=\"font-size: medium;\">Algunas estrategias:<\/span><\/span><\/em><\/p>\n<ul>\n<li><strong><em><span style=\"font-family: DejaVu Sans Condensed,serif;\"><span style=\"font-size: x-large;\"><span style=\"color: #000000;\"><span style=\"font-family: Times New Roman,serif;\"><span style=\"font-size: medium;\">Estrategia de la Escucha activa,<\/span><\/span><\/span><\/span><\/span> <\/em><\/strong><em>n<\/em><em><span style=\"color: #004a4a;\"><span style=\"font-family: Tahoma,serif;\"><span style=\"font-size: 300%;\"><span style=\"color: #000000;\"><span style=\"font-family: Times New Roman,serif;\"><span style=\"font-size: medium;\">ecesitamos monitorizar, escuchar lo que dicen de nosotros, lo que ocurre en nuestra realidad y nuestro entorno 2.0, para poder entender qu\u00e9 ocurre y c\u00f3mo actuar<\/span><\/span><\/span><span style=\"color: #000000;\"><span style=\"font-family: Times New Roman,serif;\"><span style=\"font-size: medium;\">.<\/span><\/span><\/span><\/span><\/span><\/span><\/em><\/li>\n<li><em><span style=\"color: #004a4a;\"><span style=\"font-family: Tahoma,serif;\"><span style=\"font-size: 300%;\"><strong><span style=\"color: #000000;\"><span style=\"font-family: Times New Roman,serif;\"><span style=\"font-size: medium;\">Estrategia de la compromiso<\/span><\/span><\/span><\/strong><span style=\"color: #000000;\"><span style=\"font-family: Times New Roman,serif;\"><span style=\"font-size: medium;\">, el engagement o lo que es lo mismo, bas\u00e1ndonos en creaci\u00f3n de una comunidad entorno a nosotros.<\/span><\/span><\/span><\/span><\/span><\/span><\/em><\/li>\n<li><em><span style=\"color: #004a4a;\"><span style=\"font-family: Tahoma,serif;\"><span style=\"font-size: 300%;\"><strong><span style=\"color: #000000;\"><span style=\"font-family: Times New Roman,serif;\"><span style=\"font-size: medium;\">Estrategia de viralidad<\/span><\/span><\/span><\/strong><span style=\"color: #000000;\"><span style=\"font-family: Times New Roman,serif;\"><span style=\"font-size: medium;\">. Idea con fuerza que se retransmite mediante la implicaci\u00f3n del usuario, que se convierte en garante del mensaje<\/span><\/span><\/span><span style=\"color: #000000;\"><span style=\"font-family: Times New Roman,serif;\"><span style=\"font-size: large;\">. <\/span><\/span><\/span><\/span><\/span><\/span><\/em><em><span style=\"color: #004a4a;\"><span style=\"font-family: Tahoma,serif;\"><span style=\"font-size: 300%;\"><span style=\"color: #000000;\"><span style=\"font-family: Times New Roman,serif;\"><span style=\"font-size: medium;\">Nunca olvidar que lo que se transmite se realiza porque nos divierte o nos convence, no por obligaci\u00f3n<\/span><\/span><\/span><span style=\"color: #000000;\"><span style=\"font-family: Times New Roman,serif;\"><span style=\"font-size: large;\">.<\/span><\/span><\/span><\/span><\/span><\/span><\/em><\/li>\n<li><em><span style=\"font-family: Times New Roman,serif;\"><span style=\"font-size: medium;\"><b>Estrategia de cocreaci\u00f3n.<\/b><\/span><\/span><\/em><\/li>\n<\/ul>\n<p style=\"padding-left: 60px;\" align=\"justify\"><em><span style=\"font-family: Times New Roman,serif;\"><span style=\"font-size: medium;\">Un mont\u00f3n de proyectos coordinados por la ciudadan\u00eda, por organizaciones civiles, con aportes de voluntarios, y basados en la inteligencia colectiva, \u00bfpor qu\u00e9 no apoyarlos?, que no fagocitarlos.<\/span><\/span><\/em><\/p>\n<p style=\"padding-left: 60px;\" align=\"justify\"><em><span style=\"font-family: Times New Roman,serif;\"><span style=\"font-size: medium;\">Proyectos que mediante trabajo colectivo generan informen de donde van nuestros impuestos, o donde hay espacios culturales, de mapeo, o incluso que aclaran los propios datos de las administraciones publicas. Cientos de ejemplos a lo largo del planeta. <\/span><\/span><\/em><\/p>\n<p align=\"justify\"><em><span style=\"color: #004a4a;\"><span style=\"font-family: Tahoma,serif;\"><span style=\"font-size: 300%;\"><span style=\"color: #000000;\"><span style=\"font-family: Times New Roman,serif;\"><span style=\"font-size: medium;\">Como casi al final de <\/span><\/span><\/span><span style=\"color: #000080;\"><span lang=\"zxx\"><span style=\"text-decoration: underline;\"><a href=\"http:\/\/es.wikipedia.org\/wiki\/El_quinto_poder\"><span style=\"color: #000000;\"><span style=\"font-family: Times New Roman,serif;\"><span style=\"font-size: medium;\">la pel\u00edcula el quinto poder<\/span><\/span><\/span><\/a><\/span><\/span><\/span><span style=\"color: #000000;\"><span style=\"font-family: Times New Roman,serif;\"><span style=\"font-size: medium;\">:<\/span><\/span><\/span><\/span><\/span><\/span><\/em><\/p>\n<p align=\"justify\"><em><span style=\"color: #004a4a;\"><span style=\"color: #000000;\">\u201c<\/span><span style=\"font-family: Tahoma,serif;\"><span style=\"font-size: 300%;\"><span style=\"color: #000000;\"><span style=\"font-family: Times New Roman,serif;\"><span style=\"font-size: medium;\">Una nueva revoluci\u00f3n de la informaci\u00f3n, infinitamente m\u00e1s poderosa que la anterior, el quinto poder, que inevitablemente va a arroyar a sus predecesores. Todos los viejos modelos mueren antes que los nuevos puedan sustituirlos y por eso necesitamos m\u00e1s hombres valientes\u2026. <\/span><\/span><\/span><\/span><\/span><\/span><\/em><\/p>\n<p align=\"justify\"><em><span style=\"font-family: Times New Roman,serif;\"><span style=\"font-size: medium;\">Los tiranos del mundo deber\u00edan temblar, porque ahora tenemos el poder de pedir la informaci\u00f3n que, alg\u00fan d\u00eda no muy lejano, acabar\u00e1 derroc\u00e1ndolos\u201d<\/span><\/span><\/em><\/p>\n<p align=\"justify\"><em><span style=\"font-family: Times New Roman,serif;\"><span style=\"font-size: medium;\">Necesitamos:<\/span><\/span><\/em><\/p>\n<p align=\"justify\"><em><span style=\"font-family: Times New Roman,serif;\"><span style=\"font-size: medium;\">Hombres valientes, valientes como los que est\u00e1is aqu\u00ed, a los que espero haber traslado no solo algunas estrategias, seguro conocidas por todos, sino la necesidad de la \u00e9tica en la comunicaci\u00f3n pol\u00edtica, la necesidad de una nueva comunicaci\u00f3n para una nueva pol\u00edtica del siglo XXI, en la que primen valores como conversaci\u00f3n, meritocracia, honestidad, compromiso, anti-corrupci\u00f3n&#8230; <\/span><\/span><\/em><\/p>\n<p align=\"justify\"><em><span style=\"font-family: Times New Roman,serif;\"><span style=\"font-size: medium;\">Si seguimos pensando que existen dos mundos, el virtual y el f\u00edsico, o el de la calle y el de nuestros despachos, \u2026 el que ahora es virtual pero ocupa los espacios p\u00fablicos, pronto ocupar\u00e1 tu espacio.<\/span><\/span><\/em><\/p>\n","protected":false},"excerpt":{"rendered":"<p>Ponencia y algunas reflexiones en torno a las nuevas formas de comunicar y hacer pol\u00edtica en la Sociedad Red, compartidas en la V Cumbre Mundial de Comunicaci\u00f3n Pol\u00edtica. Este pasado 2014 tuve el honor de participar en las dos Cumbres Mundiales de Comunicaci\u00f3n Pol\u00edtica, tanto la celebrada en Cartagena de Indias en marzo, como la&hellip;&nbsp;<a href=\"https:\/\/ramonramon.org\/blog\/2015\/02\/12\/presentacion-de-mi-ponencia-en-la-v-cumbre-mundial-de-comunicacion-politica\/\" rel=\"bookmark\">Leer m\u00e1s &raquo;<span class=\"screen-reader-text\">Comunicaci\u00f3n Pol\u00edtica en la Sociedad Red<\/span><\/a><\/p>\n","protected":false},"author":2070,"featured_media":0,"comment_status":"open","ping_status":"open","sticky":false,"template":"","format":"standard","meta":{"neve_meta_sidebar":"","neve_meta_container":"","neve_meta_enable_content_width":"","neve_meta_content_width":0,"neve_meta_title_alignment":"","neve_meta_author_avatar":"","neve_post_elements_order":"","neve_meta_disable_header":"","neve_meta_disable_footer":"","neve_meta_disable_title":"","footnotes":""},"categories":[2008,8],"tags":[1093,1806,1946,1947],"class_list":["post-17454","post","type-post","status-publish","format-standard","hentry","category-comunicacion","category-elecciones","tag-comunicacion","tag-comunicacion-politica","tag-sociedad-red","tag-tecnopolitica"],"aioseo_notices":[],"_links":{"self":[{"href":"https:\/\/ramonramon.org\/blog\/wp-json\/wp\/v2\/posts\/17454","targetHints":{"allow":["GET"]}}],"collection":[{"href":"https:\/\/ramonramon.org\/blog\/wp-json\/wp\/v2\/posts"}],"about":[{"href":"https:\/\/ramonramon.org\/blog\/wp-json\/wp\/v2\/types\/post"}],"author":[{"embeddable":true,"href":"https:\/\/ramonramon.org\/blog\/wp-json\/wp\/v2\/users\/2070"}],"replies":[{"embeddable":true,"href":"https:\/\/ramonramon.org\/blog\/wp-json\/wp\/v2\/comments?post=17454"}],"version-history":[{"count":0,"href":"https:\/\/ramonramon.org\/blog\/wp-json\/wp\/v2\/posts\/17454\/revisions"}],"wp:attachment":[{"href":"https:\/\/ramonramon.org\/blog\/wp-json\/wp\/v2\/media?parent=17454"}],"wp:term":[{"taxonomy":"category","embeddable":true,"href":"https:\/\/ramonramon.org\/blog\/wp-json\/wp\/v2\/categories?post=17454"},{"taxonomy":"post_tag","embeddable":true,"href":"https:\/\/ramonramon.org\/blog\/wp-json\/wp\/v2\/tags?post=17454"}],"curies":[{"name":"wp","href":"https:\/\/api.w.org\/{rel}","templated":true}]}}