{"id":17390,"date":"2014-03-18T22:40:50","date_gmt":"2014-03-18T21:40:50","guid":{"rendered":"https:\/\/www.ramonramon.org\/blog\/?p=17390"},"modified":"2014-03-18T22:44:21","modified_gmt":"2014-03-18T21:44:21","slug":"rumbo-mexico-df-puebla-y-cartagena-de-indias","status":"publish","type":"post","link":"https:\/\/ramonramon.org\/blog\/2014\/03\/18\/rumbo-mexico-df-puebla-y-cartagena-de-indias\/","title":{"rendered":"Rumbo a M\u00e9xico y Cartagena de Indias"},"content":{"rendered":"<p style=\"text-align: justify;\">En esta ocasi\u00f3n no es que cuente que me voy esta tarde o ma\u00f1ana, es que ya estoy en ello, m\u00e1s concretamente escribiendo en la escala que me toca siempre hacer en el aeropuerto de Barajas &#8211; Madrid.<\/p>\n<p style=\"text-align: justify;\">Desde dentro de unas horas y hasta el pr\u00f3ximo 25 de marzo estar\u00e9 en M\u00e9xico DF, con varias reuniones y proyectos junto a los amig@s <a href=\"https:\/\/www.facebook.com\/Politicom\/posts\/522976924427087\" target=\"_blank\">Luciana Panke<\/a> y <a href=\"https:\/\/twitter.com\/BetoRenteria\" target=\"_blank\">Beto Renter\u00eda.<\/a> Es posible que durante mi estancia en M\u00e9xico realicemos alguna que otra visita a amig@s y proyectos en Puebla, aunque a\u00fan no es seguro.<\/p>\n<p style=\"text-align: justify;\">Y el pr\u00f3ximo 25 de marzo de nuevo a volar, en ese caso, rumbo a Cartagena de Indias, a la <a title=\"Enlace a... V Cumbre Mundial Comunicaci\u00f3n Pol\u00edtica\" href=\"https:\/\/www.ramonramon.org\/blog\/2014\/01\/28\/v-cumbre-comunicacion-politica\/\" rel=\"bookmark\">V Cumbre Mundial Comunicaci\u00f3n Pol\u00edtica<\/a> donde, como habr\u00e9is visto, <a href=\"https:\/\/www.ramonramon.org\/blog\/2014\/03\/12\/politica-del-siglo-xxi-ciudadania\/\" target=\"_blank\">tengo una ponencia<\/a> y mucha ilusi\u00f3n depositada.<\/p>\n<p style=\"text-align: justify;\"><img decoding=\"async\" class=\"aligncenter\" alt=\"Cumbre Comunicaci\u00f3n Pol\u00edtica\" src=\"http:\/\/i1.wp.com\/ramonramon.org\/blog\/wp-content\/uploads\/Cumbre_politica_2014_Espa%C3%B1a.jpg?resize=565%2C318\" width=\"565\" height=\"318\" \/><\/p>\n<p style=\"text-align: justify;\">Estar junto a los mejores consultores de comunicaci\u00f3n pol\u00edtica de toda Latinoam\u00e9rica, a amigos y amigas, y poder disfrutar de tanto conocimiento concentrado, seguro que es una experiencia inolvidable. Mientras, yo intentar\u00e9 aportar mi granito de arena y mi visi\u00f3n sobre <a title=\"Enlace a... La comunicaci\u00f3n pol\u00edtica del siglo XXI\" href=\"https:\/\/www.ramonramon.org\/blog\/2014\/02\/11\/la-comunicacion-politica-y-los-valores-2-0\/\" rel=\"bookmark\">La comunicaci\u00f3n pol\u00edtica del siglo XXI<\/a>.<\/p>\n<p style=\"text-align: justify;\">Nos vemos a mi regreso el pr\u00f3ximo 30 de marzo.<\/p>\n","protected":false},"excerpt":{"rendered":"<p>En esta ocasi\u00f3n no es que cuente que me voy esta tarde o ma\u00f1ana, es que ya estoy en ello, m\u00e1s concretamente escribiendo en la escala que me toca siempre hacer en el aeropuerto de Barajas &#8211; Madrid. Desde dentro de unas horas y hasta el pr\u00f3ximo 25 de marzo estar\u00e9 en M\u00e9xico DF, con&hellip;&nbsp;<a href=\"https:\/\/ramonramon.org\/blog\/2014\/03\/18\/rumbo-mexico-df-puebla-y-cartagena-de-indias\/\" rel=\"bookmark\">Leer m\u00e1s &raquo;<span class=\"screen-reader-text\">Rumbo a M\u00e9xico y Cartagena de Indias<\/span><\/a><\/p>\n","protected":false},"author":2070,"featured_media":0,"comment_status":"open","ping_status":"open","sticky":false,"template":"","format":"standard","meta":{"neve_meta_sidebar":"","neve_meta_container":"","neve_meta_enable_content_width":"","neve_meta_content_width":0,"neve_meta_title_alignment":"","neve_meta_author_avatar":"","neve_post_elements_order":"","neve_meta_disable_header":"","neve_meta_disable_footer":"","neve_meta_disable_title":"","footnotes":""},"categories":[30],"tags":[546,2004],"class_list":["post-17390","post","type-post","status-publish","format-standard","hentry","category-viajes","tag-mexico","tag-viajes"],"aioseo_notices":[],"aioseo_head":"\n\t\t<!-- All in One SEO Pro 4.9.9 - aioseo.com -->\n\t<meta name=\"description\" content=\"En esta ocasi\u00f3n no es que cuente que me voy esta tarde o ma\u00f1ana, es que ya estoy en ello, m\u00e1s concretamente escribiendo en la escala que me toca siempre hacer en el aeropuerto de Barajas - Madrid. Desde dentro de unas horas y hasta el pr\u00f3ximo 25 de marzo estar\u00e9 en M\u00e9xico DF, con\" \/>\n\t<meta name=\"robots\" content=\"max-image-preview:large\" \/>\n\t<meta name=\"author\" content=\"Ram\u00f3n Ram\u00f3n\"\/>\n\t<link rel=\"canonical\" href=\"https:\/\/ramonramon.org\/blog\/2014\/03\/18\/rumbo-mexico-df-puebla-y-cartagena-de-indias\/\" \/>\n\t<meta name=\"generator\" content=\"All in One SEO Pro (AIOSEO) 4.9.9\" \/>\n\n\t\t<!-- Google tag (gtag.js) -->\n<script async src=\"https:\/\/www.googletagmanager.com\/gtag\/js?id=G-5BVWGR1LLZ\"><\/script>\n<script>\n  window.dataLayer = window.dataLayer || [];\n  function gtag(){dataLayer.push(arguments);}\n  gtag('js', new Date());\n\n  gtag('config', 'G-5BVWGR1LLZ');\n<\/script>\n\t\t<meta property=\"og:locale\" content=\"es_ES\" \/>\n\t\t<meta property=\"og:site_name\" content=\"Ram\u00f3n Ram\u00f3n - Comunicaci\u00f3n pol\u00edtica y campa\u00f1as electorales\" \/>\n\t\t<meta property=\"og:type\" content=\"article\" \/>\n\t\t<meta property=\"og:title\" content=\"Rumbo a M\u00e9xico y Cartagena de Indias\" \/>\n\t\t<meta property=\"og:description\" content=\"En esta ocasi\u00f3n no es que cuente que me voy esta tarde o ma\u00f1ana, es que ya estoy en ello, m\u00e1s concretamente escribiendo en la escala que me toca siempre hacer en el aeropuerto de Barajas - Madrid. Desde dentro de unas horas y hasta el pr\u00f3ximo 25 de marzo estar\u00e9 en M\u00e9xico DF, con\" \/>\n\t\t<meta property=\"og:url\" content=\"https:\/\/ramonramon.org\/blog\/2014\/03\/18\/rumbo-mexico-df-puebla-y-cartagena-de-indias\/\" \/>\n\t\t<meta property=\"og:image\" content=\"https:\/\/ramonramon.org\/blog\/wp-content\/uploads\/2023\/12\/cropped-Marca-RR-03_trans.png\" \/>\n\t\t<meta property=\"og:image:secure_url\" content=\"https:\/\/ramonramon.org\/blog\/wp-content\/uploads\/2023\/12\/cropped-Marca-RR-03_trans.png\" \/>\n\t\t<meta property=\"og:image:width\" content=\"2560\" \/>\n\t\t<meta property=\"og:image:height\" content=\"1709\" \/>\n\t\t<meta property=\"article:published_time\" content=\"2014-03-18T21:40:50+00:00\" \/>\n\t\t<meta property=\"article:modified_time\" content=\"2014-03-18T21:44:21+00:00\" \/>\n\t\t<meta property=\"article:publisher\" content=\"https:\/\/www.facebook.com\/ramonramon\" \/>\n\t\t<meta name=\"twitter:card\" content=\"summary_large_image\" \/>\n\t\t<meta name=\"twitter:site\" content=\"@ramonramon\" \/>\n\t\t<meta name=\"twitter:title\" content=\"Rumbo a M\u00e9xico y Cartagena de Indias\" \/>\n\t\t<meta name=\"twitter:description\" content=\"En esta ocasi\u00f3n no es que cuente que me voy esta tarde o ma\u00f1ana, es que ya estoy en ello, m\u00e1s concretamente escribiendo en la escala que me toca siempre hacer en el aeropuerto de Barajas - Madrid. Desde dentro de unas horas y hasta el pr\u00f3ximo 25 de marzo estar\u00e9 en M\u00e9xico DF, con\" \/>\n\t\t<meta name=\"twitter:image\" content=\"https:\/\/ramonramon.org\/blog\/wp-content\/uploads\/2023\/12\/cropped-Marca-RR-03_trans.png\" \/>\n\t\t<script type=\"application\/ld+json\" class=\"aioseo-schema\">\n\t\t\t{\"@context\":\"https:\\\/\\\/schema.org\",\"@graph\":[{\"@type\":\"BlogPosting\",\"@id\":\"https:\\\/\\\/ramonramon.org\\\/blog\\\/2014\\\/03\\\/18\\\/rumbo-mexico-df-puebla-y-cartagena-de-indias\\\/#blogposting\",\"name\":\"Rumbo a M\\u00e9xico y Cartagena de Indias\",\"headline\":\"Rumbo a M\\u00e9xico y Cartagena de Indias\",\"author\":{\"@id\":\"https:\\\/\\\/ramonramon.org\\\/blog\\\/author\\\/admin\\\/#author\"},\"publisher\":{\"@id\":\"https:\\\/\\\/ramonramon.org\\\/blog\\\/#person\"},\"image\":{\"@type\":\"ImageObject\",\"url\":\"http:\\\/\\\/i1.wp.com\\\/ramonramon.org\\\/blog\\\/wp-content\\\/uploads\\\/Cumbre_politica_2014_Espa%C3%B1a.jpg?resize=565%2C318\",\"@id\":\"https:\\\/\\\/ramonramon.org\\\/blog\\\/2014\\\/03\\\/18\\\/rumbo-mexico-df-puebla-y-cartagena-de-indias\\\/#articleImage\"},\"datePublished\":\"2014-03-18T22:40:50+01:00\",\"dateModified\":\"2014-03-18T22:44:21+01:00\",\"inLanguage\":\"es-ES\",\"mainEntityOfPage\":{\"@id\":\"https:\\\/\\\/ramonramon.org\\\/blog\\\/2014\\\/03\\\/18\\\/rumbo-mexico-df-puebla-y-cartagena-de-indias\\\/#webpage\"},\"isPartOf\":{\"@id\":\"https:\\\/\\\/ramonramon.org\\\/blog\\\/2014\\\/03\\\/18\\\/rumbo-mexico-df-puebla-y-cartagena-de-indias\\\/#webpage\"},\"articleSection\":\"viajes, M\\u00e9xico, viajes\"},{\"@type\":\"BreadcrumbList\",\"@id\":\"https:\\\/\\\/ramonramon.org\\\/blog\\\/2014\\\/03\\\/18\\\/rumbo-mexico-df-puebla-y-cartagena-de-indias\\\/#breadcrumblist\",\"itemListElement\":[{\"@type\":\"ListItem\",\"@id\":\"https:\\\/\\\/ramonramon.org\\\/blog#listItem\",\"position\":1,\"name\":\"Inicio\",\"item\":\"https:\\\/\\\/ramonramon.org\\\/blog\",\"nextItem\":{\"@type\":\"ListItem\",\"@id\":\"https:\\\/\\\/ramonramon.org\\\/blog\\\/category\\\/personal\\\/#listItem\",\"name\":\"Personal\"}},{\"@type\":\"ListItem\",\"@id\":\"https:\\\/\\\/ramonramon.org\\\/blog\\\/category\\\/personal\\\/#listItem\",\"position\":2,\"name\":\"Personal\",\"item\":\"https:\\\/\\\/ramonramon.org\\\/blog\\\/category\\\/personal\\\/\",\"nextItem\":{\"@type\":\"ListItem\",\"@id\":\"https:\\\/\\\/ramonramon.org\\\/blog\\\/category\\\/personal\\\/viajes\\\/#listItem\",\"name\":\"viajes\"},\"previousItem\":{\"@type\":\"ListItem\",\"@id\":\"https:\\\/\\\/ramonramon.org\\\/blog#listItem\",\"name\":\"Inicio\"}},{\"@type\":\"ListItem\",\"@id\":\"https:\\\/\\\/ramonramon.org\\\/blog\\\/category\\\/personal\\\/viajes\\\/#listItem\",\"position\":3,\"name\":\"viajes\",\"item\":\"https:\\\/\\\/ramonramon.org\\\/blog\\\/category\\\/personal\\\/viajes\\\/\",\"nextItem\":{\"@type\":\"ListItem\",\"@id\":\"https:\\\/\\\/ramonramon.org\\\/blog\\\/2014\\\/03\\\/18\\\/rumbo-mexico-df-puebla-y-cartagena-de-indias\\\/#listItem\",\"name\":\"Rumbo a M\\u00e9xico y Cartagena de Indias\"},\"previousItem\":{\"@type\":\"ListItem\",\"@id\":\"https:\\\/\\\/ramonramon.org\\\/blog\\\/category\\\/personal\\\/#listItem\",\"name\":\"Personal\"}},{\"@type\":\"ListItem\",\"@id\":\"https:\\\/\\\/ramonramon.org\\\/blog\\\/2014\\\/03\\\/18\\\/rumbo-mexico-df-puebla-y-cartagena-de-indias\\\/#listItem\",\"position\":4,\"name\":\"Rumbo a M\\u00e9xico y Cartagena de Indias\",\"previousItem\":{\"@type\":\"ListItem\",\"@id\":\"https:\\\/\\\/ramonramon.org\\\/blog\\\/category\\\/personal\\\/viajes\\\/#listItem\",\"name\":\"viajes\"}}]},{\"@type\":\"Person\",\"@id\":\"https:\\\/\\\/ramonramon.org\\\/blog\\\/#person\",\"name\":\"Ram\\u00f3n Ram\\u00f3n\",\"image\":{\"@type\":\"ImageObject\",\"@id\":\"https:\\\/\\\/ramonramon.org\\\/blog\\\/2014\\\/03\\\/18\\\/rumbo-mexico-df-puebla-y-cartagena-de-indias\\\/#personImage\",\"url\":\"https:\\\/\\\/ramonramon.org\\\/blog\\\/wp-content\\\/litespeed\\\/avatar\\\/42364fa67ab8a86686700065303abe2d.jpg?ver=1788115634\",\"width\":96,\"height\":96,\"caption\":\"Ram\\u00f3n Ram\\u00f3n\"}},{\"@type\":\"Person\",\"@id\":\"https:\\\/\\\/ramonramon.org\\\/blog\\\/author\\\/admin\\\/#author\",\"url\":\"https:\\\/\\\/ramonramon.org\\\/blog\\\/author\\\/admin\\\/\",\"name\":\"Ram\\u00f3n Ram\\u00f3n\",\"image\":{\"@type\":\"ImageObject\",\"@id\":\"https:\\\/\\\/ramonramon.org\\\/blog\\\/2014\\\/03\\\/18\\\/rumbo-mexico-df-puebla-y-cartagena-de-indias\\\/#authorImage\",\"url\":\"https:\\\/\\\/ramonramon.org\\\/blog\\\/wp-content\\\/litespeed\\\/avatar\\\/42364fa67ab8a86686700065303abe2d.jpg?ver=1788115634\",\"width\":96,\"height\":96,\"caption\":\"Ram\\u00f3n Ram\\u00f3n\"}},{\"@type\":\"WebPage\",\"@id\":\"https:\\\/\\\/ramonramon.org\\\/blog\\\/2014\\\/03\\\/18\\\/rumbo-mexico-df-puebla-y-cartagena-de-indias\\\/#webpage\",\"url\":\"https:\\\/\\\/ramonramon.org\\\/blog\\\/2014\\\/03\\\/18\\\/rumbo-mexico-df-puebla-y-cartagena-de-indias\\\/\",\"name\":\"Rumbo a M\\u00e9xico y Cartagena de Indias\",\"description\":\"En esta ocasi\\u00f3n no es que cuente que me voy esta tarde o ma\\u00f1ana, es que ya estoy en ello, m\\u00e1s concretamente escribiendo en la escala que me toca siempre hacer en el aeropuerto de Barajas - Madrid. Desde dentro de unas horas y hasta el pr\\u00f3ximo 25 de marzo estar\\u00e9 en M\\u00e9xico DF, con\",\"inLanguage\":\"es-ES\",\"isPartOf\":{\"@id\":\"https:\\\/\\\/ramonramon.org\\\/blog\\\/#website\"},\"breadcrumb\":{\"@id\":\"https:\\\/\\\/ramonramon.org\\\/blog\\\/2014\\\/03\\\/18\\\/rumbo-mexico-df-puebla-y-cartagena-de-indias\\\/#breadcrumblist\"},\"author\":{\"@id\":\"https:\\\/\\\/ramonramon.org\\\/blog\\\/author\\\/admin\\\/#author\"},\"creator\":{\"@id\":\"https:\\\/\\\/ramonramon.org\\\/blog\\\/author\\\/admin\\\/#author\"},\"datePublished\":\"2014-03-18T22:40:50+01:00\",\"dateModified\":\"2014-03-18T22:44:21+01:00\"},{\"@type\":\"WebSite\",\"@id\":\"https:\\\/\\\/ramonramon.org\\\/blog\\\/#website\",\"url\":\"https:\\\/\\\/ramonramon.org\\\/blog\\\/\",\"name\":\"RAMON RAMON\",\"description\":\"Comunicaci\\u00f3n pol\\u00edtica y campa\\u00f1as electorales\",\"inLanguage\":\"es-ES\",\"publisher\":{\"@id\":\"https:\\\/\\\/ramonramon.org\\\/blog\\\/#person\"}}]}\n\t\t<\/script>\n\t\t<!-- All in One SEO Pro -->\r\n\t\t<title>Rumbo a M\u00e9xico y Cartagena de Indias<\/title>\n\n","aioseo_head_json":{"title":"Rumbo a M\u00e9xico y Cartagena de Indias","description":"En esta ocasi\u00f3n no es que cuente que me voy esta tarde o ma\u00f1ana, es que ya estoy en ello, m\u00e1s concretamente escribiendo en la escala que me toca siempre hacer en el aeropuerto de Barajas - Madrid. Desde dentro de unas horas y hasta el pr\u00f3ximo 25 de marzo estar\u00e9 en M\u00e9xico DF, con","canonical_url":"https:\/\/ramonramon.org\/blog\/2014\/03\/18\/rumbo-mexico-df-puebla-y-cartagena-de-indias\/","robots":"max-image-preview:large","keywords":"","webmasterTools":{"miscellaneous":"&lt;!-- Google tag (gtag.js) --&gt;\n&lt;script async src=\"https:\/\/www.googletagmanager.com\/gtag\/js?id=G-5BVWGR1LLZ\"&gt;&lt;\/script&gt;\n&lt;script&gt;\n  window.dataLayer = window.dataLayer || [];\n  function gtag(){dataLayer.push(arguments);}\n  gtag('js', new Date());\n\n  gtag('config', 'G-5BVWGR1LLZ');\n&lt;\/script&gt;"},"schema":{"@context":"https:\/\/schema.org","@graph":[{"@type":"BlogPosting","@id":"https:\/\/ramonramon.org\/blog\/2014\/03\/18\/rumbo-mexico-df-puebla-y-cartagena-de-indias\/#blogposting","name":"Rumbo a M\u00e9xico y Cartagena de Indias","headline":"Rumbo a M\u00e9xico y Cartagena de Indias","author":{"@id":"https:\/\/ramonramon.org\/blog\/author\/admin\/#author"},"publisher":{"@id":"https:\/\/ramonramon.org\/blog\/#person"},"image":{"@type":"ImageObject","url":"http:\/\/i1.wp.com\/ramonramon.org\/blog\/wp-content\/uploads\/Cumbre_politica_2014_Espa%C3%B1a.jpg?resize=565%2C318","@id":"https:\/\/ramonramon.org\/blog\/2014\/03\/18\/rumbo-mexico-df-puebla-y-cartagena-de-indias\/#articleImage"},"datePublished":"2014-03-18T22:40:50+01:00","dateModified":"2014-03-18T22:44:21+01:00","inLanguage":"es-ES","mainEntityOfPage":{"@id":"https:\/\/ramonramon.org\/blog\/2014\/03\/18\/rumbo-mexico-df-puebla-y-cartagena-de-indias\/#webpage"},"isPartOf":{"@id":"https:\/\/ramonramon.org\/blog\/2014\/03\/18\/rumbo-mexico-df-puebla-y-cartagena-de-indias\/#webpage"},"articleSection":"viajes, M\u00e9xico, viajes"},{"@type":"BreadcrumbList","@id":"https:\/\/ramonramon.org\/blog\/2014\/03\/18\/rumbo-mexico-df-puebla-y-cartagena-de-indias\/#breadcrumblist","itemListElement":[{"@type":"ListItem","@id":"https:\/\/ramonramon.org\/blog#listItem","position":1,"name":"Inicio","item":"https:\/\/ramonramon.org\/blog","nextItem":{"@type":"ListItem","@id":"https:\/\/ramonramon.org\/blog\/category\/personal\/#listItem","name":"Personal"}},{"@type":"ListItem","@id":"https:\/\/ramonramon.org\/blog\/category\/personal\/#listItem","position":2,"name":"Personal","item":"https:\/\/ramonramon.org\/blog\/category\/personal\/","nextItem":{"@type":"ListItem","@id":"https:\/\/ramonramon.org\/blog\/category\/personal\/viajes\/#listItem","name":"viajes"},"previousItem":{"@type":"ListItem","@id":"https:\/\/ramonramon.org\/blog#listItem","name":"Inicio"}},{"@type":"ListItem","@id":"https:\/\/ramonramon.org\/blog\/category\/personal\/viajes\/#listItem","position":3,"name":"viajes","item":"https:\/\/ramonramon.org\/blog\/category\/personal\/viajes\/","nextItem":{"@type":"ListItem","@id":"https:\/\/ramonramon.org\/blog\/2014\/03\/18\/rumbo-mexico-df-puebla-y-cartagena-de-indias\/#listItem","name":"Rumbo a M\u00e9xico y Cartagena de Indias"},"previousItem":{"@type":"ListItem","@id":"https:\/\/ramonramon.org\/blog\/category\/personal\/#listItem","name":"Personal"}},{"@type":"ListItem","@id":"https:\/\/ramonramon.org\/blog\/2014\/03\/18\/rumbo-mexico-df-puebla-y-cartagena-de-indias\/#listItem","position":4,"name":"Rumbo a M\u00e9xico y Cartagena de Indias","previousItem":{"@type":"ListItem","@id":"https:\/\/ramonramon.org\/blog\/category\/personal\/viajes\/#listItem","name":"viajes"}}]},{"@type":"Person","@id":"https:\/\/ramonramon.org\/blog\/#person","name":"Ram\u00f3n Ram\u00f3n","image":{"@type":"ImageObject","@id":"https:\/\/ramonramon.org\/blog\/2014\/03\/18\/rumbo-mexico-df-puebla-y-cartagena-de-indias\/#personImage","url":"https:\/\/ramonramon.org\/blog\/wp-content\/litespeed\/avatar\/42364fa67ab8a86686700065303abe2d.jpg?ver=1788115634","width":96,"height":96,"caption":"Ram\u00f3n Ram\u00f3n"}},{"@type":"Person","@id":"https:\/\/ramonramon.org\/blog\/author\/admin\/#author","url":"https:\/\/ramonramon.org\/blog\/author\/admin\/","name":"Ram\u00f3n Ram\u00f3n","image":{"@type":"ImageObject","@id":"https:\/\/ramonramon.org\/blog\/2014\/03\/18\/rumbo-mexico-df-puebla-y-cartagena-de-indias\/#authorImage","url":"https:\/\/ramonramon.org\/blog\/wp-content\/litespeed\/avatar\/42364fa67ab8a86686700065303abe2d.jpg?ver=1788115634","width":96,"height":96,"caption":"Ram\u00f3n Ram\u00f3n"}},{"@type":"WebPage","@id":"https:\/\/ramonramon.org\/blog\/2014\/03\/18\/rumbo-mexico-df-puebla-y-cartagena-de-indias\/#webpage","url":"https:\/\/ramonramon.org\/blog\/2014\/03\/18\/rumbo-mexico-df-puebla-y-cartagena-de-indias\/","name":"Rumbo a M\u00e9xico y Cartagena de Indias","description":"En esta ocasi\u00f3n no es que cuente que me voy esta tarde o ma\u00f1ana, es que ya estoy en ello, m\u00e1s concretamente escribiendo en la escala que me toca siempre hacer en el aeropuerto de Barajas - Madrid. Desde dentro de unas horas y hasta el pr\u00f3ximo 25 de marzo estar\u00e9 en M\u00e9xico DF, con","inLanguage":"es-ES","isPartOf":{"@id":"https:\/\/ramonramon.org\/blog\/#website"},"breadcrumb":{"@id":"https:\/\/ramonramon.org\/blog\/2014\/03\/18\/rumbo-mexico-df-puebla-y-cartagena-de-indias\/#breadcrumblist"},"author":{"@id":"https:\/\/ramonramon.org\/blog\/author\/admin\/#author"},"creator":{"@id":"https:\/\/ramonramon.org\/blog\/author\/admin\/#author"},"datePublished":"2014-03-18T22:40:50+01:00","dateModified":"2014-03-18T22:44:21+01:00"},{"@type":"WebSite","@id":"https:\/\/ramonramon.org\/blog\/#website","url":"https:\/\/ramonramon.org\/blog\/","name":"RAMON RAMON","description":"Comunicaci\u00f3n pol\u00edtica y campa\u00f1as electorales","inLanguage":"es-ES","publisher":{"@id":"https:\/\/ramonramon.org\/blog\/#person"}}]},"og:locale":"es_ES","og:site_name":"Ram\u00f3n Ram\u00f3n - Comunicaci\u00f3n pol\u00edtica y campa\u00f1as electorales","og:type":"article","og:title":"Rumbo a M\u00e9xico y Cartagena de Indias","og:description":"En esta ocasi\u00f3n no es que cuente que me voy esta tarde o ma\u00f1ana, es que ya estoy en ello, m\u00e1s concretamente escribiendo en la escala que me toca siempre hacer en el aeropuerto de Barajas - Madrid. Desde dentro de unas horas y hasta el pr\u00f3ximo 25 de marzo estar\u00e9 en M\u00e9xico DF, con","og:url":"https:\/\/ramonramon.org\/blog\/2014\/03\/18\/rumbo-mexico-df-puebla-y-cartagena-de-indias\/","og:image":"https:\/\/ramonramon.org\/blog\/wp-content\/uploads\/2023\/12\/cropped-Marca-RR-03_trans.png","og:image:secure_url":"https:\/\/ramonramon.org\/blog\/wp-content\/uploads\/2023\/12\/cropped-Marca-RR-03_trans.png","og:image:width":2560,"og:image:height":1709,"article:published_time":"2014-03-18T21:40:50+00:00","article:modified_time":"2014-03-18T21:44:21+00:00","article:publisher":"https:\/\/www.facebook.com\/ramonramon","twitter:card":"summary_large_image","twitter:site":"@ramonramon","twitter:title":"Rumbo a M\u00e9xico y Cartagena de Indias","twitter:description":"En esta ocasi\u00f3n no es que cuente que me voy esta tarde o ma\u00f1ana, es que ya estoy en ello, m\u00e1s concretamente escribiendo en la escala que me toca siempre hacer en el aeropuerto de Barajas - Madrid. Desde dentro de unas horas y hasta el pr\u00f3ximo 25 de marzo estar\u00e9 en M\u00e9xico DF, con","twitter:image":"https:\/\/ramonramon.org\/blog\/wp-content\/uploads\/2023\/12\/cropped-Marca-RR-03_trans.png"},"aioseo_meta_data":{"post_id":"17390","title":null,"description":null,"keywords":null,"keyphrases":null,"primary_term":null,"canonical_url":null,"og_title":null,"og_description":null,"og_object_type":"default","og_image_type":"default","og_image_url":null,"og_image_width":null,"og_image_height":null,"og_image_custom_url":null,"og_image_custom_fields":null,"og_video":null,"og_custom_url":null,"og_article_section":null,"og_article_tags":null,"twitter_use_og":false,"twitter_card":"default","twitter_image_type":"default","twitter_image_url":null,"twitter_image_custom_url":null,"twitter_image_custom_fields":null,"twitter_title":null,"twitter_description":null,"schema":{"blockGraphs":[],"customGraphs":[],"default":{"data":{"Article":[],"Course":[],"Dataset":[],"FAQPage":[],"Movie":[],"Person":[],"Product":[],"ProductReview":[],"Car":[],"Recipe":[],"Service":[],"SoftwareApplication":[],"WebPage":[]},"graphName":"","isEnabled":true},"graphs":[]},"schema_type":"default","schema_type_options":null,"pillar_content":false,"robots_default":true,"robots_noindex":false,"robots_noarchive":false,"robots_nosnippet":false,"robots_nofollow":false,"robots_noimageindex":false,"robots_noodp":false,"robots_notranslate":false,"robots_max_snippet":null,"robots_max_videopreview":null,"robots_max_imagepreview":"large","priority":null,"frequency":null,"local_seo":null,"seo_analyzer_scan_date":"2026-08-19 17:18:48","breadcrumb_settings":null,"limit_modified_date":false,"ai":null,"created":"2023-08-04 15:55:02","updated":"2026-08-19 17:18:48","focus_keyword":null,"truseo":null,"additional_keywords":null,"truseo_locale":null},"aioseo_breadcrumb":"<div class=\"aioseo-breadcrumbs\"><span class=\"aioseo-breadcrumb\">\n\t<a href=\"https:\/\/ramonramon.org\/blog\" title=\"Inicio\">Inicio<\/a>\n<\/span><span class=\"aioseo-breadcrumb-separator\">&raquo;<\/span><span class=\"aioseo-breadcrumb\">\n\t<a href=\"https:\/\/ramonramon.org\/blog\/category\/personal\/\" title=\"Personal\">Personal<\/a>\n<\/span><span class=\"aioseo-breadcrumb-separator\">&raquo;<\/span><span class=\"aioseo-breadcrumb\">\n\t<a href=\"https:\/\/ramonramon.org\/blog\/category\/personal\/viajes\/\" title=\"viajes\">viajes<\/a>\n<\/span><span class=\"aioseo-breadcrumb-separator\">&raquo;<\/span><span class=\"aioseo-breadcrumb\">\n\tRumbo a M\u00e9xico y Cartagena de Indias\n<\/span><\/div>","aioseo_breadcrumb_json":[{"label":"Inicio","link":"https:\/\/ramonramon.org\/blog"},{"label":"Personal","link":"https:\/\/ramonramon.org\/blog\/category\/personal\/"},{"label":"viajes","link":"https:\/\/ramonramon.org\/blog\/category\/personal\/viajes\/"},{"label":"Rumbo a M\u00e9xico y Cartagena de Indias","link":"https:\/\/ramonramon.org\/blog\/2014\/03\/18\/rumbo-mexico-df-puebla-y-cartagena-de-indias\/"}],"_links":{"self":[{"href":"https:\/\/ramonramon.org\/blog\/wp-json\/wp\/v2\/posts\/17390","targetHints":{"allow":["GET"]}}],"collection":[{"href":"https:\/\/ramonramon.org\/blog\/wp-json\/wp\/v2\/posts"}],"about":[{"href":"https:\/\/ramonramon.org\/blog\/wp-json\/wp\/v2\/types\/post"}],"author":[{"embeddable":true,"href":"https:\/\/ramonramon.org\/blog\/wp-json\/wp\/v2\/users\/2070"}],"replies":[{"embeddable":true,"href":"https:\/\/ramonramon.org\/blog\/wp-json\/wp\/v2\/comments?post=17390"}],"version-history":[{"count":0,"href":"https:\/\/ramonramon.org\/blog\/wp-json\/wp\/v2\/posts\/17390\/revisions"}],"wp:attachment":[{"href":"https:\/\/ramonramon.org\/blog\/wp-json\/wp\/v2\/media?parent=17390"}],"wp:term":[{"taxonomy":"category","embeddable":true,"href":"https:\/\/ramonramon.org\/blog\/wp-json\/wp\/v2\/categories?post=17390"},{"taxonomy":"post_tag","embeddable":true,"href":"https:\/\/ramonramon.org\/blog\/wp-json\/wp\/v2\/tags?post=17390"}],"curies":[{"name":"wp","href":"https:\/\/api.w.org\/{rel}","templated":true}]}}