{"id":17358,"date":"2014-03-12T15:05:36","date_gmt":"2014-03-12T14:05:36","guid":{"rendered":"https:\/\/www.ramonramon.org\/blog\/?p=17358"},"modified":"2020-03-22T14:22:41","modified_gmt":"2020-03-22T13:22:41","slug":"politica-del-siglo-xxi-ciudadania","status":"publish","type":"post","link":"https:\/\/ramonramon.org\/blog\/2014\/03\/12\/politica-del-siglo-xxi-ciudadania\/","title":{"rendered":"Pol\u00edtica del siglo XXI y ciudadan\u00eda digital. Estrategias para una comunicaci\u00f3n pol\u00edtica eficaz, \u00e9tica y democr\u00e1tica"},"content":{"rendered":"<p style=\"text-align: justify;\">El uso de los medios sociales se ha ido implantando en la sociedad con un desconcertante impacto pol\u00edtico para las estructuras tradicionales democr\u00e1ticas y de mediaci\u00f3n, como la prensa tradicional y los partidos pol\u00edticos, as\u00ed como un relevante papel en los procesos de construcci\u00f3n reputacional corporativa. Pol\u00edtica y dinero, sacudidas por una conversaci\u00f3n p\u00fablica global, sin fronteras ni territoriales ni idiom\u00e1ticas.<\/p>\n<p><a href=\"https:\/\/www.ramonramon.org\/blog\/wp-content\/uploads\/infograf-acceso-digital.png\"><img loading=\"lazy\" decoding=\"async\" src=\"https:\/\/www.ramonramon.org\/blog\/wp-content\/uploads\/infograf-acceso-digital.png\" alt=\"\" class=\"aligncenter size-full wp-image-24207\" width=\"956\" height=\"653\" srcset=\"https:\/\/ramonramon.org\/blog\/wp-content\/uploads\/infograf-acceso-digital.png 956w, https:\/\/ramonramon.org\/blog\/wp-content\/uploads\/infograf-acceso-digital-206x141.png 206w\" sizes=\"auto, (max-width: 956px) 100vw, 956px\" \/><\/a><\/p>\n<p style=\"text-align: justify;\">Esta nueva sociedad-red hunde sus ra\u00edces en nuevos valores y principios de marcado car\u00e1cter pol\u00edtico (por cuanto son fen\u00f3menos deliberativos y de acci\u00f3n) causando en la pol\u00edtica \u2013entendida como establisment- una crisis de mediaci\u00f3n y representaci\u00f3n, agravada por una evidente falta de liderazgos. Una <a href=\"https:\/\/www.ramonramon.org\/blog\/2014\/02\/11\/la-comunicacion-politica-y-los-valores-2-0\/\" target=\"_blank\" rel=\"noopener noreferrer\">nueva realidad pol\u00edtica impulsada por un cambio tecnol\u00f3gico<\/a> que, una vez m\u00e1s, es comunicativo. En este contexto, <em><strong>\u00bfcu\u00e1l es el papel de la comunicaci\u00f3n del hecho pol\u00edtico?<\/strong><\/em><\/p>\n<p style=\"text-align: justify;\">A priori, m\u00e1s amplio que el impuesto por la comunicaci\u00f3n pol\u00edtica atada a los poderes pol\u00edticos tradicionales. Su eficacia depender\u00e1, no s\u00f3lo por el uso de los nuevos medios, sino tambi\u00e9n del uso de los nuevos lenguajes. Y m\u00e1s importante a\u00fan: si comparte los mismos valores, es decir, si respira en la misma cultura pol\u00edtica. <a href=\"https:\/\/www.ramonramon.org\/blog\/2014\/02\/11\/la-comunicacion-politica-y-los-valores-2-0\/\" target=\"_blank\" rel=\"noopener noreferrer\">La comunicaci\u00f3n pol\u00edtica ser\u00e1 eficaz -en sociedades democr\u00e1ticas, formadas y libre-, si respeta, potencia y difunde esos valores<\/a>. Si la comunicaci\u00f3n pol\u00edtica no contribuye a la regeneraci\u00f3n democr\u00e1tica, ser\u00e1 tan culpable del colapso de los modelos pol\u00edticos tradicionales como la propia pol\u00edtica. En su mano est\u00e1 que hablemos de evoluci\u00f3n y no de ruptura en las sociedades democr\u00e1ticas.<\/p>\n<figure style=\"width: 565px\" class=\"wp-caption aligncenter\"><a href=\"https:\/\/www.ramonramon.org\/blog\/2014\/01\/28\/v-cumbre-comunicacion-politica\/\"><img loading=\"lazy\" decoding=\"async\" alt=\"V Cumbre Mundial de Comunicaci\u00f3n Pol\u00edtica\" src=\"http:\/\/i1.wp.com\/ramonramon.org\/blog\/wp-content\/uploads\/Cumbre_politica_2014_Espa%C3%B1a.jpg?resize=565%2C318\" width=\"565\" height=\"318\" \/><\/a><figcaption class=\"wp-caption-text\">Abstract de mi ponencia en la V Cumbre Mundial de Comunicaci\u00f3n Pol\u00edtica. Cartagena de Indias, 26-28 de marzo 2014<\/figcaption><\/figure>\n<p style=\"text-align: justify;\">Este es el abstract que he elaborado para mi ponencia en la esperad\u00edsima <a href=\"https:\/\/www.ramonramon.org\/blog\/2014\/01\/28\/v-cumbre-comunicacion-politica\/\" target=\"_blank\" rel=\"noopener noreferrer\">V Cumbre Mundial de Comunicaci\u00f3n Pol\u00edtica<\/a>, que se celebrar\u00e1 en dos semanas en Cartagena de Indias, y a la que espero puedas asistir, la cita es imperdible.<\/p>\n","protected":false},"excerpt":{"rendered":"<p>El uso de los medios sociales se ha ido implantando en la sociedad con un desconcertante impacto pol\u00edtico para las estructuras tradicionales democr\u00e1ticas y de mediaci\u00f3n, como la prensa tradicional y los partidos pol\u00edticos, as\u00ed como un relevante papel en los procesos de construcci\u00f3n reputacional corporativa. Pol\u00edtica y dinero, sacudidas por una conversaci\u00f3n p\u00fablica global,&hellip;&nbsp;<a href=\"https:\/\/ramonramon.org\/blog\/2014\/03\/12\/politica-del-siglo-xxi-ciudadania\/\" rel=\"bookmark\">Leer m\u00e1s &raquo;<span class=\"screen-reader-text\">Pol\u00edtica del siglo XXI y ciudadan\u00eda digital. Estrategias para una comunicaci\u00f3n pol\u00edtica eficaz, \u00e9tica y democr\u00e1tica<\/span><\/a><\/p>\n","protected":false},"author":2070,"featured_media":0,"comment_status":"open","ping_status":"open","sticky":false,"template":"","format":"standard","meta":{"neve_meta_sidebar":"","neve_meta_container":"","neve_meta_enable_content_width":"","neve_meta_content_width":0,"neve_meta_title_alignment":"","neve_meta_author_avatar":"","neve_post_elements_order":"","neve_meta_disable_header":"","neve_meta_disable_footer":"","neve_meta_disable_title":"","footnotes":""},"categories":[2008,8],"tags":[1776],"class_list":["post-17358","post","type-post","status-publish","format-standard","hentry","category-comunicacion","category-elecciones","tag-comunicacion-2-0"],"aioseo_notices":[],"_links":{"self":[{"href":"https:\/\/ramonramon.org\/blog\/wp-json\/wp\/v2\/posts\/17358","targetHints":{"allow":["GET"]}}],"collection":[{"href":"https:\/\/ramonramon.org\/blog\/wp-json\/wp\/v2\/posts"}],"about":[{"href":"https:\/\/ramonramon.org\/blog\/wp-json\/wp\/v2\/types\/post"}],"author":[{"embeddable":true,"href":"https:\/\/ramonramon.org\/blog\/wp-json\/wp\/v2\/users\/2070"}],"replies":[{"embeddable":true,"href":"https:\/\/ramonramon.org\/blog\/wp-json\/wp\/v2\/comments?post=17358"}],"version-history":[{"count":0,"href":"https:\/\/ramonramon.org\/blog\/wp-json\/wp\/v2\/posts\/17358\/revisions"}],"wp:attachment":[{"href":"https:\/\/ramonramon.org\/blog\/wp-json\/wp\/v2\/media?parent=17358"}],"wp:term":[{"taxonomy":"category","embeddable":true,"href":"https:\/\/ramonramon.org\/blog\/wp-json\/wp\/v2\/categories?post=17358"},{"taxonomy":"post_tag","embeddable":true,"href":"https:\/\/ramonramon.org\/blog\/wp-json\/wp\/v2\/tags?post=17358"}],"curies":[{"name":"wp","href":"https:\/\/api.w.org\/{rel}","templated":true}]}}