{"id":17037,"date":"2014-02-12T09:39:45","date_gmt":"2014-02-12T08:39:45","guid":{"rendered":"https:\/\/www.ramonramon.org\/blog\/?p=17037"},"modified":"2020-03-22T14:22:39","modified_gmt":"2020-03-22T13:22:39","slug":"la-nueva-cara-o-diseno-de-twitter","status":"publish","type":"post","link":"https:\/\/ramonramon.org\/blog\/2014\/02\/12\/la-nueva-cara-o-diseno-de-twitter\/","title":{"rendered":"La nueva cara o dise\u00f1o de Twitter"},"content":{"rendered":"<p style=\"text-align: justify;\">Como todos sab\u00e9is, <a href=\"http:\/\/www.emol.com\/noticias\/tecnologia\/2014\/01\/13\/639550\/twitter-anuncia-nuevo-diseno-para-su-sitio-web-que-lo-acerca-a-su-experiencia-movil.html\" target=\"_blank\" rel=\"noopener noreferrer\">desde ayer tenemos un nuevo look<\/a>, cara o dise\u00f1o de twitter en la web, y as\u00ed me lo anunciaban nada m\u00e1s conectarme al llegar a casa,<\/p>\n<p style=\"text-align: center;\"><a href=\"https:\/\/www.ramonramon.org\/blog\/wp-content\/uploads\/nuevo_twitter1.png\"><img loading=\"lazy\" decoding=\"async\" class=\"aligncenter size-medium wp-image-17041\" alt=\"nuevo-look-twitter\" src=\"https:\/\/www.ramonramon.org\/blog\/wp-content\/uploads\/nuevo_twitter1-850x478.png\" width=\"300\" height=\"187\" srcset=\"https:\/\/ramonramon.org\/blog\/wp-content\/uploads\/nuevo_twitter1-226x141.png 226w, https:\/\/ramonramon.org\/blog\/wp-content\/uploads\/nuevo_twitter1.png 1680w\" sizes=\"auto, (max-width: 300px) 100vw, 300px\" \/><\/a><\/p>\n<p style=\"text-align: justify;\">y que entre otras ventajas o novedades nos indica que nuestros tuits m\u00e1s interesantes se nos mostrar\u00e1n m\u00e1s grandes, personalizar mucho m\u00e1s nuestro perfil (algo muy negativo para los que somos unos completos negados para el dise\u00f1o y la creatividad), y lo que me parece m\u00e1s sorprendente, que puedes fijar un tuit en lo m\u00e1s alto de tu p\u00e1gina.<\/p>\n<h4 style=\"text-align: justify;\">Una nueva interfaz mucho m\u00e1s visual, con mucha m\u00e1s informaci\u00f3n y que expande la pantalla, pero&#8230;<\/h4>\n<p>deja una columna lateral derecha algo \u00abdesangelada\u00bb.\u00a0 \u00bfSi? \u00bfno ser\u00e1 un previo a una nueva zona de <a href=\"http:\/\/es.wikipedia.org\/wiki\/Publicidad_contextual\" target=\"_blank\" rel=\"noopener noreferrer\">publicidad contextual<\/a>?<\/p>\n<p style=\"text-align: justify;\">De lo que no hay duda y es en algo que coinciden todas las opiniones, es que busca <a href=\"http:\/\/mashable.com\/2014\/02\/11\/twitter-redesign-facebook-google\/\" target=\"_blank\" rel=\"noopener noreferrer\">parecerse mucho m\u00e1s a facebook y google+<\/a> y aunque seg\u00fan parece solo es una prueba o test A\/B, que <a href=\"http:\/\/wwwhatsnew.com\/2014\/02\/11\/twitter-muestra-nuevo-y-completamente-diferente-diseno\/\" target=\"_blank\" rel=\"noopener noreferrer\">no est\u00e1 disponible para todos los usuarios<\/a>, desde ayer se ha popularizado esta nueva forma de presentar los contenidos, la informaci\u00f3n es m\u00e1s visual, m\u00e1s tipo magazine.\u00a0\u00a0 Os muestro la captura de hace unos minutos de mi propio perfil:<\/p>\n<p style=\"text-align: center;\"><a href=\"https:\/\/www.ramonramon.org\/blog\/wp-content\/uploads\/nuevo_twitter.png\"><img loading=\"lazy\" decoding=\"async\" class=\"aligncenter size-large wp-image-17039\" alt=\"Nuevo-dise\u00f1o-twitter\" src=\"https:\/\/www.ramonramon.org\/blog\/wp-content\/uploads\/nuevo_twitter-1200x675.png\" width=\"565\" height=\"339\" srcset=\"https:\/\/ramonramon.org\/blog\/wp-content\/uploads\/nuevo_twitter-235x141.png 235w, https:\/\/ramonramon.org\/blog\/wp-content\/uploads\/nuevo_twitter.png 1356w\" sizes=\"auto, (max-width: 565px) 100vw, 565px\" \/><\/a><\/p>\n<p style=\"text-align: justify;\">Sin embargo, en el Blog de Twitter en espa\u00f1ol anuncian que est\u00e1 disponible para todos, con una serie de caracter\u00edsticas que ya vienen us\u00e1ndose y prob\u00e1ndose en las versiones para dispositivos m\u00f3viles, como son:<\/p>\n<ul>\n<li>\n<blockquote><p>Da click en cualquier Tweet de tu Cronolog\u00eda para expandir su contenido, ver fotos, retweets, favoritos y m\u00e1s. Tip: Puedes cerrar r\u00e1pidamente todos los Tweets que has expandido en tu cronolog\u00eda si presionas la letra \u201cL\u201d en tu teclado.<\/p><\/blockquote>\n<\/li>\n<\/ul>\n<blockquote>\n<ul>\n<li><a href=\"http:\/\/twitter.com\/#%21\/i\/connect\">Conecta<\/a> es la manera de seguir una conversaci\u00f3n. Es el lugar donde puedes qui\u00e9nes han comenzado a seguirte o quienes te han mencionado, retwitteado o marcado tus Tweets como Favoritos. Tip: Escribe \u201cGC\u201d para ir directamente a la pesta\u00f1a de Conecta.<\/li>\n<\/ul>\n<\/blockquote>\n<ul>\n<li>\n<blockquote><p><a href=\"http:\/\/twitter.com\/#%21\/i\/discover\">Descubre<\/a> te permite ver el contenido m\u00e1s \u00fatil e informativo, personalizado para ti. Cuando utilices Descubre ver\u00e1s que en los resultados se reflejan tus intereses, bas\u00e1ndose en tu ubicaci\u00f3n actual, las cuentas que sigues y lo que est\u00e1 sucediendo en el mundo. Tip: Escribe \u201cGD\u201d para ir directo a la pesta\u00f1a de Descubre. Si quieres ir a la pesta\u00f1a Actividad escribe \u201cGA\u201d.<\/p><\/blockquote>\n<\/li>\n<\/ul>\n<p style=\"text-align: justify;\">Una que personalmente me ha sorprendido (si que ve\u00eda desde las primeras versiones de twitter en los m\u00f3viles pero no en la web) es que junto al perfil aparece la fecha de creaci\u00f3n de la cuenta, y lo muestran adem\u00e1s de una forma preferente (en el lateral derecho de la cabecera).\u00a0 Algo que me parece \u00fatil para conocer la trayectoria de los usuarios y descartar oportunistas, \u00abvendehumos\u00bb, \u00abguruses\u00bb,&#8230; que llegan a las redes vendi\u00e9ndose como expertos con trayectoria de m\u00e1s de 40 a\u00f1os en redes sociales y twitter, &#8230; y que luego resulta que lleva 4 d\u00edas \ud83d\ude09<\/p>\n<p style=\"text-align: justify;\">Seg\u00fan Twitter, uno de los principales motivos para este cambio de dise\u00f1o o look es debido a que <a href=\"http:\/\/mexico.cnn.com\/tecnologia\/2014\/01\/14\/twitter-lanza-un-nuevo-diseno-para-su-version-web\" target=\"_blank\" rel=\"noopener noreferrer\">el 40% de los usuarios de twitter s\u00f3lo se dedican a mirar lo que otros generan<\/a>, pero no comparten nada, de ah\u00ed que se haya priorizado el espacio visual.<\/p>\n<p style=\"text-align: right;\">\u00bf Y t\u00fa, qu\u00e9 opinas? \u00bfc\u00f3mo lo ves? \u00bfmejor, peor, indiferente?<\/p>\n","protected":false},"excerpt":{"rendered":"<p>Como todos sab\u00e9is, desde ayer tenemos un nuevo look, cara o dise\u00f1o de twitter en la web, y as\u00ed me lo anunciaban nada m\u00e1s conectarme al llegar a casa, y que entre otras ventajas o novedades nos indica que nuestros tuits m\u00e1s interesantes se nos mostrar\u00e1n m\u00e1s grandes, personalizar mucho m\u00e1s nuestro perfil (algo muy&hellip;&nbsp;<a href=\"https:\/\/ramonramon.org\/blog\/2014\/02\/12\/la-nueva-cara-o-diseno-de-twitter\/\" rel=\"bookmark\">Leer m\u00e1s &raquo;<span class=\"screen-reader-text\">La nueva cara o dise\u00f1o de Twitter<\/span><\/a><\/p>\n","protected":false},"author":2070,"featured_media":0,"comment_status":"open","ping_status":"open","sticky":false,"template":"","format":"standard","meta":{"neve_meta_sidebar":"","neve_meta_container":"","neve_meta_enable_content_width":"","neve_meta_content_width":0,"neve_meta_title_alignment":"","neve_meta_author_avatar":"","neve_post_elements_order":"","neve_meta_disable_header":"","neve_meta_disable_footer":"","neve_meta_disable_title":"","footnotes":""},"categories":[24],"tags":[787],"class_list":["post-17037","post","type-post","status-publish","format-standard","hentry","category-redes-sociales","tag-twitter"],"aioseo_notices":[],"_links":{"self":[{"href":"https:\/\/ramonramon.org\/blog\/wp-json\/wp\/v2\/posts\/17037","targetHints":{"allow":["GET"]}}],"collection":[{"href":"https:\/\/ramonramon.org\/blog\/wp-json\/wp\/v2\/posts"}],"about":[{"href":"https:\/\/ramonramon.org\/blog\/wp-json\/wp\/v2\/types\/post"}],"author":[{"embeddable":true,"href":"https:\/\/ramonramon.org\/blog\/wp-json\/wp\/v2\/users\/2070"}],"replies":[{"embeddable":true,"href":"https:\/\/ramonramon.org\/blog\/wp-json\/wp\/v2\/comments?post=17037"}],"version-history":[{"count":0,"href":"https:\/\/ramonramon.org\/blog\/wp-json\/wp\/v2\/posts\/17037\/revisions"}],"wp:attachment":[{"href":"https:\/\/ramonramon.org\/blog\/wp-json\/wp\/v2\/media?parent=17037"}],"wp:term":[{"taxonomy":"category","embeddable":true,"href":"https:\/\/ramonramon.org\/blog\/wp-json\/wp\/v2\/categories?post=17037"},{"taxonomy":"post_tag","embeddable":true,"href":"https:\/\/ramonramon.org\/blog\/wp-json\/wp\/v2\/tags?post=17037"}],"curies":[{"name":"wp","href":"https:\/\/api.w.org\/{rel}","templated":true}]}}