{"id":16190,"date":"2013-12-02T15:07:46","date_gmt":"2013-12-02T14:07:46","guid":{"rendered":"https:\/\/www.ramonramon.org\/blog\/?p=16190"},"modified":"2022-05-26T14:07:52","modified_gmt":"2022-05-26T12:07:52","slug":"comunicacion-efectiva-en-el-responsable-politico-2-0","status":"publish","type":"post","link":"https:\/\/ramonramon.org\/blog\/2013\/12\/02\/comunicacion-efectiva-en-el-responsable-politico-2-0\/","title":{"rendered":"Comunicaci\u00f3n efectiva en el responsable pol\u00edtico 2.0"},"content":{"rendered":"\n<p>Si hace unos d\u00edas sub\u00eda la presentaci\u00f3n sobre el primero de los m\u00f3dulos que impart\u00eda en el 2\u00ba Curso Internacional de Gobierno Abierto organizado por la CEPAL en Puebla: <a title=\"Enlace a... La participaci\u00f3n y colaboraci\u00f3n ciudadana en los gobiernos abiertos\" href=\"https:\/\/www.ramonramon.org\/blog\/2013\/11\/29\/la-participacion-y-colaboracion-ciudadana-en-los-gobiernos-abiertos\/\" rel=\"bookmark\">La participaci\u00f3n y colaboraci\u00f3n ciudadana en los gobiernos abiertos<\/a>, hoy subo la presentaci\u00f3n del segundo m\u00f3dulo que tuve el honor de impartir, que por supuesto, est\u00e1 muy influenciado por todo lo aprendido en el Congreso Internacional de Comunicaci\u00f3n Pol\u00edtica de la mano de amig@s como <a href=\"https:\/\/www.facebook.com\/lupanke\" target=\"_blank\" rel=\"noopener noreferrer\">Luciana Panke<\/a>, <a href=\"https:\/\/twitter.com\/navarroisrael\" target=\"_blank\" rel=\"noopener noreferrer\">Israel Navarro<\/a>, <a href=\"http:\/\/www.linkedin.com\/in\/marinaraff\" target=\"_blank\" rel=\"noopener noreferrer\">Marina Raffaelli<\/a>, Carlos Mu\u00f1iz, Lerins Varela, <a href=\"https:\/\/twitter.com\/betorenteria\" target=\"_blank\" rel=\"noopener noreferrer\">Beto Renter\u00eda<\/a>, <a href=\"https:\/\/uaq.academia.edu\/GermanEspinoSanchez\" target=\"_blank\" rel=\"noopener noreferrer\">Germ\u00e1n Espino<\/a>, <a href=\"https:\/\/twitter.com\/AngelicMendieta\" target=\"_blank\" rel=\"noopener noreferrer\">Ang\u00e9lica Mendieta<\/a>, <a href=\"https:\/\/twitter.com\/cast_duran\" target=\"_blank\" rel=\"noopener noreferrer\">Jorge Luis Castillo<\/a>, &#8230; y sobre todo, a la ayuda de Daniel Ivoskus que comparti\u00f3 conmigo todo su material de su magn\u00edfica presentaci\u00f3n.<\/p>\n\n\n\n<figure class=\"wp-block-embed is-type-rich is-provider-slideshare wp-block-embed-slideshare\"><div class=\"wp-block-embed__wrapper\">\nhttps:\/\/www.slideshare.net\/ramonramonsa\/comunicacion-efectiva-politicaredu\n<\/div><\/figure>\n\n\n\n<p>Realmente mis 10 d\u00edas en Puebla han sido, de nuevo, una gran experiencia personal y profesional, he aprendido mucho de las diferentes actividades formativas, he podido disfrutar y compartir con grandes docentes, comunicadores, amigos, amigas,&#8230; y he tenido la oportunidad de compartir reflexiones y mis planteamientos sobre todo lo que tiene que ver con la comunicaci\u00f3n pol\u00edtica.<\/p>\n\n\n\n<p>En esta ocasi\u00f3n, lo m\u00e1s complicado de este m\u00f3dulo fue tener una audiencia muy heterog\u00e9nea, con responsables de administraciones p\u00fablicas de 10 pa\u00edses de Am\u00e9rica Latina, consultores de diferentes pa\u00edses igualmente, y pol\u00edticos del Estado de Puebla.<\/p>\n","protected":false},"excerpt":{"rendered":"<p>Si hace unos d\u00edas sub\u00eda la presentaci\u00f3n sobre el primero de los m\u00f3dulos que impart\u00eda en el 2\u00ba Curso Internacional de Gobierno Abierto organizado por la CEPAL en Puebla: La participaci\u00f3n y colaboraci\u00f3n ciudadana en los gobiernos abiertos, hoy subo la presentaci\u00f3n del segundo m\u00f3dulo que tuve el honor de impartir, que por supuesto, est\u00e1&hellip;&nbsp;<a href=\"https:\/\/ramonramon.org\/blog\/2013\/12\/02\/comunicacion-efectiva-en-el-responsable-politico-2-0\/\" rel=\"bookmark\">Leer m\u00e1s &raquo;<span class=\"screen-reader-text\">Comunicaci\u00f3n efectiva en el responsable pol\u00edtico 2.0<\/span><\/a><\/p>\n","protected":false},"author":2070,"featured_media":0,"comment_status":"open","ping_status":"open","sticky":false,"template":"","format":"standard","meta":{"neve_meta_sidebar":"","neve_meta_container":"","neve_meta_enable_content_width":"","neve_meta_content_width":0,"neve_meta_title_alignment":"","neve_meta_author_avatar":"","neve_post_elements_order":"","neve_meta_disable_header":"","neve_meta_disable_footer":"","neve_meta_disable_title":"","footnotes":""},"categories":[3,2009,18],"tags":[1248,1431,848,1794],"class_list":["post-16190","post","type-post","status-publish","format-standard","hentry","category-administraciones-publicas","category-ogov","category-libertad-tecnologica","tag-gobierno-abierto","tag-gobierno-abierto-y-participativo","tag-politica-2-0","tag-puebla"],"aioseo_notices":[],"_links":{"self":[{"href":"https:\/\/ramonramon.org\/blog\/wp-json\/wp\/v2\/posts\/16190","targetHints":{"allow":["GET"]}}],"collection":[{"href":"https:\/\/ramonramon.org\/blog\/wp-json\/wp\/v2\/posts"}],"about":[{"href":"https:\/\/ramonramon.org\/blog\/wp-json\/wp\/v2\/types\/post"}],"author":[{"embeddable":true,"href":"https:\/\/ramonramon.org\/blog\/wp-json\/wp\/v2\/users\/2070"}],"replies":[{"embeddable":true,"href":"https:\/\/ramonramon.org\/blog\/wp-json\/wp\/v2\/comments?post=16190"}],"version-history":[{"count":0,"href":"https:\/\/ramonramon.org\/blog\/wp-json\/wp\/v2\/posts\/16190\/revisions"}],"wp:attachment":[{"href":"https:\/\/ramonramon.org\/blog\/wp-json\/wp\/v2\/media?parent=16190"}],"wp:term":[{"taxonomy":"category","embeddable":true,"href":"https:\/\/ramonramon.org\/blog\/wp-json\/wp\/v2\/categories?post=16190"},{"taxonomy":"post_tag","embeddable":true,"href":"https:\/\/ramonramon.org\/blog\/wp-json\/wp\/v2\/tags?post=16190"}],"curies":[{"name":"wp","href":"https:\/\/api.w.org\/{rel}","templated":true}]}}