{"id":16088,"date":"2013-11-06T14:12:57","date_gmt":"2013-11-06T13:12:57","guid":{"rendered":"https:\/\/www.ramonramon.org\/blog\/?p=16088"},"modified":"2022-07-30T12:20:43","modified_gmt":"2022-07-30T10:20:43","slug":"bogota-y-puebla","status":"publish","type":"post","link":"https:\/\/ramonramon.org\/blog\/2013\/11\/06\/bogota-y-puebla\/","title":{"rendered":"Bogot\u00e1 y Puebla, fin de la 1\u00aa Gira Latinoamericana Latinux"},"content":{"rendered":"<p style=\"text-align: justify;\">La primera <a href=\"https:\/\/www.ramonramon.org\/blog\/2013\/09\/28\/gira-latinoamericana-latinux\/\" target=\"_blank\" rel=\"noopener noreferrer\">Gira Latinoamericana Latinux<\/a>, finaliz\u00f3 en Puebla &#8211; M\u00e9xico, una de las ciudades m\u00e1s bonitas y acogedoras que he podido visitar, y en la que gracias a buenos amigos como <a href=\"https:\/\/twitter.com\/nattch\" target=\"_blank\" rel=\"noopener noreferrer\">Natalia<\/a>, <a href=\"https:\/\/twitter.com\/betorenteria\" target=\"_blank\" rel=\"noopener noreferrer\">Beto<\/a> o <a href=\"https:\/\/twitter.com\/jesusmanuelh\" target=\"_blank\" rel=\"noopener noreferrer\">Jes\u00fas<\/a>, me sent\u00ed como en casa.<\/p>\n<p style=\"text-align: justify;\"><a href=\"https:\/\/www.ramonramon.org\/blog\/wp-content\/uploads\/En-el-InstitutoCentralTecnico.jpg\"><img loading=\"lazy\" decoding=\"async\" class=\"alignright size-medium wp-image-16091\" style=\"margin-left: 4px; margin-right: 4px;\" alt=\"Escuela Tecnologica\" src=\"https:\/\/www.ramonramon.org\/blog\/wp-content\/uploads\/En-el-InstitutoCentralTecnico-666x478.jpg\" width=\"234\" height=\"174\" srcset=\"https:\/\/ramonramon.org\/blog\/wp-content\/uploads\/En-el-InstitutoCentralTecnico-188x141.jpg 188w, https:\/\/ramonramon.org\/blog\/wp-content\/uploads\/En-el-InstitutoCentralTecnico.jpg 666w\" sizes=\"auto, (max-width: 234px) 100vw, 234px\" \/><\/a>Por diversas circunstancias, Bogot\u00e1 al final pas\u00f3 a ser una escala m\u00e1s de relax que de trabajo, pues no pudo celebrarse el curso de certificaci\u00f3n pendiente y solo participamos en unas jornadas internacionales en la Escuela Tecnol\u00f3gica del Instituto T\u00e9cnico Central.<\/p>\n<p style=\"text-align: justify;\">Igualmente, fue la \u00fanica ciudad en la que no pude reunirme con gente de la Comunidad de Software Libre, una l\u00e1stima porque, por m\u00e1s que lo intent\u00e9, fue el \u00fanico pa\u00eds en el que no pude hacerlo y hasta ahora hab\u00eda sido casi una tradici\u00f3n, pa\u00eds al que voy, reuni\u00f3n con compa\u00f1eros y amigos de la Comunidad Internacional de Software Libre.<\/p>\n<p style=\"text-align: justify;\"><a href=\"https:\/\/www.ramonramon.org\/blog\/wp-content\/uploads\/En-la-Catedral-de-Sal.jpg\"><img loading=\"lazy\" decoding=\"async\" class=\"alignleft  wp-image-16089\" alt=\"Catedral de Sal de Zipaquir\u00e1\" src=\"https:\/\/www.ramonramon.org\/blog\/wp-content\/uploads\/En-la-Catedral-de-Sal.jpg\" width=\"210\" height=\"158\" srcset=\"https:\/\/ramonramon.org\/blog\/wp-content\/uploads\/En-la-Catedral-de-Sal.jpg 1061w, https:\/\/ramonramon.org\/blog\/wp-content\/uploads\/En-la-Catedral-de-Sal-188x141.jpg 188w\" sizes=\"auto, (max-width: 210px) 100vw, 210px\" \/><\/a>Pero como digo, al final Bogot\u00e1 se convirti\u00f3 en una peque\u00f1a escala para relajarnos, y tuve la oportunidad de conocer la <a href=\"http:\/\/www.catedraldesal.gov.co\/\" target=\"_blank\" rel=\"noopener noreferrer\">Catedral de Sal de Zipaquir\u00e1<\/a>, y me qued\u00e9 con muchas ganas de poder conocer un poco Bogot\u00e1.<\/p>\n<p style=\"text-align: justify;\">\n<p style=\"text-align: justify;\">Y al fin, M\u00e9xico, Puebla, el Estado Ideal. Puebla de Zaragoza lo tiene todo, tranquilidad, calidad de vida, patrimonio hist\u00f3rico, modernidad, algunas de las principales universidades del pa\u00eds, un potente sector industrial, a tan solo dos horas de M\u00e9xico DF, &#8230;. y con una incre\u00edble gente.\u00a0 Desde luego, un lugar en el que me gustar\u00eda vivir.<img loading=\"lazy\" decoding=\"async\" class=\"alignright  wp-image-16110\" style=\"margin-left: 3px; margin-right: 3px;\" alt=\"Certificaci\u00f3n Social Media\" src=\"https:\/\/www.ramonramon.org\/blog\/wp-content\/uploads\/CursoSM_en_Puebla.jpg\" width=\"173\" height=\"130\" srcset=\"https:\/\/ramonramon.org\/blog\/wp-content\/uploads\/CursoSM_en_Puebla.jpg 600w, https:\/\/ramonramon.org\/blog\/wp-content\/uploads\/CursoSM_en_Puebla-188x141.jpg 188w\" sizes=\"auto, (max-width: 173px) 100vw, 173px\" \/><\/p>\n<p style=\"text-align: justify;\">En <a href=\"http:\/\/es.wikipedia.org\/wiki\/Puebla\" target=\"_blank\" rel=\"noopener noreferrer\">Puebla<\/a>, adem\u00e1s de disfrutar de su hospitalidad, su gente, su impresionante centro hist\u00f3rico, pude impartir una nueva certificaci\u00f3n y aprender un mont\u00f3n de los 15 asistentes, impartir una serie de conferencias y juntarme con los alumnos de la maestr\u00eda del Instituto de <a href=\"https:\/\/www.ramonramon.org\/blog\/wp-content\/uploads\/CampusBUAP.jpg\"><img loading=\"lazy\" decoding=\"async\" class=\"wp-image-16092 alignleft\" style=\"margin-left: 4px; margin-right: 4px;\" alt=\"Complejo Cultural Universitario BUAP\" src=\"https:\/\/www.ramonramon.org\/blog\/wp-content\/uploads\/CampusBUAP.jpg\" width=\"168\" height=\"126\" srcset=\"https:\/\/ramonramon.org\/blog\/wp-content\/uploads\/CampusBUAP.jpg 1331w, https:\/\/ramonramon.org\/blog\/wp-content\/uploads\/CampusBUAP-188x141.jpg 188w\" sizes=\"auto, (max-width: 168px) 100vw, 168px\" \/><\/a>Ciencias de Gobierno y Desarrollo Estrat\u00e9gico de la BUAP (Benem\u00e9rita Universidad Aut\u00f3noma de Puebla), donde compartimos conocimientos y reflexiones.\u00a0 Y lo m\u00e1s interesante para m\u00ed, en breve regresar\u00e9 a Puebla, donde espero poder ampliar mi estancia y proyectos.<\/p>\n","protected":false},"excerpt":{"rendered":"<p>La primera Gira Latinoamericana Latinux, finaliz\u00f3 en Puebla &#8211; M\u00e9xico, una de las ciudades m\u00e1s bonitas y acogedoras que he podido visitar, y en la que gracias a buenos amigos como Natalia, Beto o Jes\u00fas, me sent\u00ed como en casa. Por diversas circunstancias, Bogot\u00e1 al final pas\u00f3 a ser una escala m\u00e1s de relax que&hellip;&nbsp;<a href=\"https:\/\/ramonramon.org\/blog\/2013\/11\/06\/bogota-y-puebla\/\" rel=\"bookmark\">Leer m\u00e1s &raquo;<span class=\"screen-reader-text\">Bogot\u00e1 y Puebla, fin de la 1\u00aa Gira Latinoamericana Latinux<\/span><\/a><\/p>\n","protected":false},"author":2070,"featured_media":0,"comment_status":"open","ping_status":"open","sticky":false,"template":"","format":"standard","meta":{"neve_meta_sidebar":"","neve_meta_container":"","neve_meta_enable_content_width":"","neve_meta_content_width":0,"neve_meta_title_alignment":"","neve_meta_author_avatar":"","neve_post_elements_order":"","neve_meta_disable_header":"","neve_meta_disable_footer":"","neve_meta_disable_title":"","footnotes":""},"categories":[30],"tags":[1791,1789],"class_list":["post-16088","post","type-post","status-publish","format-standard","hentry","category-viajes","tag-gira-latinux","tag-latinux"],"aioseo_notices":[],"_links":{"self":[{"href":"https:\/\/ramonramon.org\/blog\/wp-json\/wp\/v2\/posts\/16088","targetHints":{"allow":["GET"]}}],"collection":[{"href":"https:\/\/ramonramon.org\/blog\/wp-json\/wp\/v2\/posts"}],"about":[{"href":"https:\/\/ramonramon.org\/blog\/wp-json\/wp\/v2\/types\/post"}],"author":[{"embeddable":true,"href":"https:\/\/ramonramon.org\/blog\/wp-json\/wp\/v2\/users\/2070"}],"replies":[{"embeddable":true,"href":"https:\/\/ramonramon.org\/blog\/wp-json\/wp\/v2\/comments?post=16088"}],"version-history":[{"count":0,"href":"https:\/\/ramonramon.org\/blog\/wp-json\/wp\/v2\/posts\/16088\/revisions"}],"wp:attachment":[{"href":"https:\/\/ramonramon.org\/blog\/wp-json\/wp\/v2\/media?parent=16088"}],"wp:term":[{"taxonomy":"category","embeddable":true,"href":"https:\/\/ramonramon.org\/blog\/wp-json\/wp\/v2\/categories?post=16088"},{"taxonomy":"post_tag","embeddable":true,"href":"https:\/\/ramonramon.org\/blog\/wp-json\/wp\/v2\/tags?post=16088"}],"curies":[{"name":"wp","href":"https:\/\/api.w.org\/{rel}","templated":true}]}}