{"id":15970,"date":"2013-09-28T03:55:40","date_gmt":"2013-09-28T01:55:40","guid":{"rendered":"https:\/\/www.ramonramon.org\/blog\/?p=15970"},"modified":"2020-03-22T14:22:35","modified_gmt":"2020-03-22T13:22:35","slug":"gira-latinoamericana-latinux","status":"publish","type":"post","link":"https:\/\/ramonramon.org\/blog\/2013\/09\/28\/gira-latinoamericana-latinux\/","title":{"rendered":"Gira Latinoamericana Latinux: 7 pa\u00edses en un mes"},"content":{"rendered":"<p style=\"text-align: justify;\">Estos \u00faltimos 4 o 5 a\u00f1os <a href=\"https:\/\/www.ramonramon.org\/blog\/tag\/viajes\/\">he viajado mucho<\/a>, protagonizando algunas giras de varias semanas y visitando diferentes lugares, primero en Espa\u00f1a y desde <a href=\"https:\/\/www.ramonramon.org\/blog\/2012\/05\/11\/comienzo-nuevo-periplo-viajero-chile-paraguay-y-peru\/\" target=\"_blank\" rel=\"noopener noreferrer\">hace 2 a\u00f1os por pa\u00edses de Latinoam\u00e9rica<\/a>. La pr\u00f3xima semana comienzo una de las giras m\u00e1s intensas que he podido tener el honor de protagonizar: <strong>7 pa\u00edses en un solo mes<\/strong>, y\u00a0 siendo posteriormente Noviembre casi igual de intenso con otros 5 o 6 pa\u00edses m\u00e1s semiconfirmados (M\u00e9xico, Panam\u00e1, Bolivia, Ecuador, Guatemala y Costa Rica).<\/p>\n<p style=\"text-align: justify;\">El pr\u00f3ximo mi\u00e9rcoles, <strong>2 de octubre<\/strong>, tendremos esta nueva gira, en esta ocasi\u00f3n en compa\u00f1\u00eda de los amigos de Latinux, un cluster de empresas y universidades con una clara vinculaci\u00f3n y vocaci\u00f3n con la Comunidad del Software Libre y dando respuesta a una necesidad siempre reinante, la certificaci\u00f3n en software libre. Por si fuera poco, Latinux surgi\u00f3 en uno de los mayores encuentros internacionales de software libre, FISL, en el que he podido asistir en las dos \u00faltimas ediciones, y siendo este <a href=\"https:\/\/www.ramonramon.org\/blog\/tag\/fisl\/\" target=\"_blank\" rel=\"noopener noreferrer\">\u00faltimo FISL,<\/a> junto a <a href=\"https:\/\/twitter.com\/strusberg\" target=\"_blank\" rel=\"noopener noreferrer\">Ricardo Strusberg<\/a>, en el que concretamos mi apoyo con Latinux.\u00a0 Desde ahora, ser\u00e9 embajador de Latinux, una responsabilidad que me permitir\u00e1 colaborar con este proyecto de formaci\u00f3n y capacitaci\u00f3n que desde hace casi una d\u00e9cada viene colaborando adem\u00e1s con importantes proyectos libres. Adem\u00e1s, voy a tener el honor de dirigir una nueva certificaci\u00f3n, de la que espero dar mas detalles en pocos d\u00edas.<\/p>\n<p style=\"text-align: justify;\">Junto a Latinux voy a tener la suerte de participar en 2 de los eventos latinoamericanos m\u00e1s importantes del conocimiento libre, en los que ya <a href=\"https:\/\/www.ramonramon.org\/blog\/2012\/10\/06\/nuevo-cambio-de-planes-mas-dias-en-costa-rica-y-directo-a-buenos-aires-cisl2012\/\" target=\"_blank\" rel=\"noopener noreferrer\">el a\u00f1o pasado tuve la oportunidad de participar<\/a>:\u00a0 <a href=\"https:\/\/www.ramonramon.org\/blog\/?s=cisl\" target=\"_blank\" rel=\"noopener noreferrer\">CISL<\/a> 2013, la Conferencia Internacional de Software Libre que se desarrolla en Tecn\u00f3polis &#8211; <strong>Buenos Aires<\/strong>, los d\u00edas <strong>16 y 17 de octubre<\/strong>, y luego Latinoware: X Conferencia Latinoamericana de Software Livre, que se celebra los d\u00edas <strong>16 al 18 de octubre<\/strong>, en<strong> Foz do Igua\u00e7\u00fa<\/strong>.\u00a0 Lo triste es que ambos eventos no podr\u00e9 disfrutarlos al 100%, ya que al coincidir tendr\u00e9 que ir un d\u00eda a cada uno.<\/p>\n<p style=\"text-align: justify;\">Posteriormente estar\u00e9 en otro importante evento, <a href=\"http:\/\/www.comtel.pe\/\" target=\"_blank\" rel=\"noopener noreferrer\">COMTEL, V Congreso Internacional de Computaci\u00f3n y Telecomunicaciones<\/a>, que se celebra en <strong>Lima<\/strong>, los d\u00edas <strong>22 al 25 de octubre<\/strong>, donde tendr\u00e9 el honor de impartir una conferencia: \u00abSocial Media y Gesti\u00f3n de Comunidades Digitales, nuevas necesidades y nuevas profesiones: La Gerencia de Redes Sociales\u00bb adem\u00e1s de participar en diversas reuniones y seminarios con\u00a0 responsables pol\u00edticos y t\u00e9cnicos.<\/p>\n<p style=\"text-align: justify;\">Tras Lima llegar\u00e1 Bogot\u00e1, del <strong>24 <\/strong>al<strong> 27 de octubre<\/strong>, donde voy a impartir una serie de conferencias y talleres en varias universidades de la ciudad.\u00a0 Posteriormente mi pr\u00f3ximo destino ser\u00e1 Puebla (M\u00e9xico), del <strong>27 octubre<\/strong> al <strong>2 de noviembre<\/strong>, donde impartir\u00e9 un seminario: <em>Redes Sociales y Software libre, la importancia de la certificaci\u00f3n y la estrategia del gobierno abierto<\/em>.<\/p>\n<p style=\"text-align: justify;\">Pero, sin lugar a dudas, si hay una etapa que realmente me emociona, ser\u00e1 la primera, la que tendr\u00e9 en Caracas, por ser un pa\u00eds que siempre he admirado por lo claro que tienen el concepto de soberan\u00eda tecnol\u00f3gica y la cantidad de buenos amigos que tengo por all\u00e1, comenzando por mi admirado Rafa Rico.\u00a0 En <strong>Caracas<\/strong> estar\u00e9 del <strong>2 al 13 de Octubre<\/strong>, y espero sean d\u00edas muy intensos y de muchos encuentros y productividad.<\/p>\n<p style=\"text-align: justify;\">Aunque mi agenda en Caracas quedan muchos detalles que cuadrar, estoy muy honrado por el inter\u00e9s de muchos compa\u00f1eros de la Comunidad por cuadrar actividades, conversatorios, encuentros, etc.\u00a0 El primer acto que ya tengo confirmado es la impartici\u00f3n de un curso sobre <a href=\"https:\/\/www.ramonramon.org\/blog\/2013\/08\/05\/social-media-y-software-libre\/\">Social Media y Software Libre<\/a>, que impartir\u00e9 del <strong>7 al 11 de octubre<\/strong> bajo la coordinaci\u00f3n del <strong>Instituto Superior de Estudios e Investigaciones Tecnol\u00f3gicas<\/strong> &#8211;\u00a0ISEIT, m\u00e1s concretamente <a href=\"https:\/\/www.facebook.com\/iseitve\/posts\/574205239301682\" target=\"_blank\" rel=\"noopener noreferrer\">Gerencia en Redes Sociales<\/a>.\u00a0 Aunque tambi\u00e9n estoy deseoso de poder organizar un gran encuentro con los compa\u00f1eros y amigos de la Comunidad del Conocimiento Libre venezolano.<\/p>\n<p style=\"text-align: justify;\">A\u00fan hay mucho por contar, pero creo que por el momento y como avanzadilla de mis pr\u00f3ximos viajes, conferencias y actividades ya me he extendido mucho.<\/p>\n","protected":false},"excerpt":{"rendered":"<p>Estos \u00faltimos 4 o 5 a\u00f1os he viajado mucho, protagonizando algunas giras de varias semanas y visitando diferentes lugares, primero en Espa\u00f1a y desde hace 2 a\u00f1os por pa\u00edses de Latinoam\u00e9rica. La pr\u00f3xima semana comienzo una de las giras m\u00e1s intensas que he podido tener el honor de protagonizar: 7 pa\u00edses en un solo mes,&hellip;&nbsp;<a href=\"https:\/\/ramonramon.org\/blog\/2013\/09\/28\/gira-latinoamericana-latinux\/\" rel=\"bookmark\">Leer m\u00e1s &raquo;<span class=\"screen-reader-text\">Gira Latinoamericana Latinux: 7 pa\u00edses en un mes<\/span><\/a><\/p>\n","protected":false},"author":2070,"featured_media":0,"comment_status":"open","ping_status":"open","sticky":false,"template":"","format":"standard","meta":{"neve_meta_sidebar":"","neve_meta_container":"","neve_meta_enable_content_width":"","neve_meta_content_width":0,"neve_meta_title_alignment":"","neve_meta_author_avatar":"","neve_post_elements_order":"","neve_meta_disable_header":"","neve_meta_disable_footer":"","neve_meta_disable_title":"","footnotes":""},"categories":[23],"tags":[184,2004],"class_list":["post-15970","post","type-post","status-publish","format-standard","hentry","category-personal","tag-cisl","tag-viajes"],"aioseo_notices":[],"_links":{"self":[{"href":"https:\/\/ramonramon.org\/blog\/wp-json\/wp\/v2\/posts\/15970","targetHints":{"allow":["GET"]}}],"collection":[{"href":"https:\/\/ramonramon.org\/blog\/wp-json\/wp\/v2\/posts"}],"about":[{"href":"https:\/\/ramonramon.org\/blog\/wp-json\/wp\/v2\/types\/post"}],"author":[{"embeddable":true,"href":"https:\/\/ramonramon.org\/blog\/wp-json\/wp\/v2\/users\/2070"}],"replies":[{"embeddable":true,"href":"https:\/\/ramonramon.org\/blog\/wp-json\/wp\/v2\/comments?post=15970"}],"version-history":[{"count":0,"href":"https:\/\/ramonramon.org\/blog\/wp-json\/wp\/v2\/posts\/15970\/revisions"}],"wp:attachment":[{"href":"https:\/\/ramonramon.org\/blog\/wp-json\/wp\/v2\/media?parent=15970"}],"wp:term":[{"taxonomy":"category","embeddable":true,"href":"https:\/\/ramonramon.org\/blog\/wp-json\/wp\/v2\/categories?post=15970"},{"taxonomy":"post_tag","embeddable":true,"href":"https:\/\/ramonramon.org\/blog\/wp-json\/wp\/v2\/tags?post=15970"}],"curies":[{"name":"wp","href":"https:\/\/api.w.org\/{rel}","templated":true}]}}