{"id":14468,"date":"2013-05-26T20:01:19","date_gmt":"2013-05-26T18:01:19","guid":{"rendered":"https:\/\/www.ramonramon.org\/blog\/?p=14468"},"modified":"2020-03-22T13:58:23","modified_gmt":"2020-03-22T12:58:23","slug":"en-espana-no-busques-trabajo-no-inviertas-energias-en-algo-imposible","status":"publish","type":"post","link":"https:\/\/ramonramon.org\/blog\/2013\/05\/26\/en-espana-no-busques-trabajo-no-inviertas-energias-en-algo-imposible\/","title":{"rendered":"En Espa\u00f1a no busques trabajo, no inviertas energ\u00edas en algo imposible"},"content":{"rendered":"<p style=\"text-align: justify;\">No pierdas tu tiempo, tu dinero, tus energ\u00edas, &#8230;. <a href=\"http:\/\/www.elperiodico.com\/es\/noticias\/al-contrataque\/busques-trabajo-2394122\" target=\"_blank\" rel=\"noopener noreferrer\">no busques trabajo<\/a>, en Espa\u00f1a no lo hay, crea tu empresa&#8230; ha llegado el momento de las empresas de uno. De esta manera resumo parte del <a href=\"http:\/\/www.elperiodico.com\/es\/noticias\/al-contrataque\/busques-trabajo-2394122\" target=\"_blank\" rel=\"noopener noreferrer\">art\u00edculo del pol\u00e9mico Risto Mejide en el Peri\u00f3dico.com<\/a>.<a href=\"https:\/\/twitter.com\/ristomejide\/statuses\/336016149949054977\" rel=\"attachment wp-att-14469\"><img loading=\"lazy\" decoding=\"async\" class=\"alignright  wp-image-14469\" alt=\"Twitter Risto Mejide\" src=\"https:\/\/www.ramonramon.org\/blog\/wp-content\/uploads\/RistoMejide.png\" width=\"300\" height=\"166\" srcset=\"https:\/\/ramonramon.org\/blog\/wp-content\/uploads\/RistoMejide.png 587w, https:\/\/ramonramon.org\/blog\/wp-content\/uploads\/RistoMejide-250x138.png 250w\" sizes=\"auto, (max-width: 300px) 100vw, 300px\" \/><\/a><\/p>\n<p style=\"text-align: justify;\">Art\u00edculo y tuit que ha tenido un enorme impacto en las redes sociales, siendo incluso <a href=\"http:\/\/smreputationmetrics.wordpress.com\/2013\/05\/24\/impacto-del-articulo-no-busques-trabajo-en-la-reputacion-de-risto-mejide-en-redes-sociales-comparacion-con-jordi-evole-mercedes-mila-y-tomas-roncero\/\" target=\"_blank\" rel=\"noopener noreferrer\">analizado el mismo y comparado con otros famosos de las redes sociales<\/a>:<\/p>\n<blockquote><p>Como muchas otras personas, yo tuve conocimiento de la existencia de su art\u00edculo por la recomendaci\u00f3n de alguien en mi TL de Twitter. Lo le\u00ed. Me gust\u00f3. Y yo contribu\u00ed a amplificar la cadena de impacto en redes sociales<\/p><\/blockquote>\n<p style=\"text-align: justify;\">y por supuesto, a m\u00ed tambi\u00e9n me ha llegado de la misma manera y de igual forma, estoy ayudando, m\u00e1s o menos, a difundirlo, por lo pronto con este humilde post.<\/p>\n<p style=\"text-align: justify;\">Si prefieres escucharlo, en lugar de leerlo, aqu\u00ed el video con la versi\u00f3n audio del art\u00edculo<\/p>\n<p style=\"text-align: justify;\"><iframe loading=\"lazy\" src=\"http:\/\/www.youtube.com\/embed\/uI_JiRXSlc0\" height=\"315\" width=\"560\" allowfullscreen=\"\" frameborder=\"0\"><\/iframe><\/p>\n<p style=\"text-align: justify;\">Realmente son palabras muy duras, que quitan las ganas de todo, pero que a la vez, creo que nos hace salirnos de nuestra zona de confort, pues, en muchas ocasiones, nos justifica decir que estamos buscando trabajo, cuando realmente podr\u00edamos hacer mucho m\u00e1s, desde cre\u00e1rnoslo, como bien aconseja Risto, o al menos, comenzar a formarnos, reciclarnos, adaptarnos, &#8230; para sobresalir y cambiar nuestra situaci\u00f3n.<\/p>\n<p>No hace mucho que me sorprend\u00eda otro v\u00eddeo:<\/p>\n<h3 style=\"text-align: justify;\"><a title=\"Enlace a... El mercado laboral en Espa\u00f1a y las nuevas oportunidades laborales\" href=\"https:\/\/www.ramonramon.org\/blog\/2013\/03\/26\/el-mercado-laboral-en-espana-y-las-nuevas-oportunidades-laborales\/\" rel=\"bookmark\">El mercado laboral en Espa\u00f1a y las nuevas oportunidades laborales<\/a><\/h3>\n<p style=\"text-align: justify;\">y es que, aunque no queramos cre\u00e9rnoslo, necesitamos asumir que estas cosas est\u00e1n pasando y que hay que dar la vuelta a la situaci\u00f3n, a esta endemoniada <a href=\"https:\/\/www.ramonramon.org\/blog\/2013\/02\/15\/de-la-epoca-de-la-construccion-a-la-de-la-destruccion\/\">Sociedad de la Destrucci\u00f3n<\/a>.<\/p>\n<p style=\"text-align: justify;\">A\u00fan as\u00ed, como todo no puede ser desesperanza, frustraci\u00f3n, desilusi\u00f3n, &#8230; y siguen apareciendo motivos para la esperanza, para el cambio, para una Sociedad mejor, m\u00e1s justa y que nos aporte m\u00e1s, aqu\u00ed dos videos m\u00e1s, de dos grandes pol\u00edticos latinoamericanos, que no solo dicen cosas distintas, sino que adem\u00e1s, las est\u00e1n llevando a cabo:<\/p>\n<ul style=\"text-align: justify;\">\n<li>\n<h2><a title=\"Enlace a... Mujica: la voz de Am\u00e9rica Latina\" href=\"https:\/\/www.ramonramon.org\/blog\/2013\/04\/05\/mujica-la-voz-de-america-latina\/\" rel=\"bookmark\">Mujica: la voz de Am\u00e9rica Latina<\/a><\/h2>\n<\/li>\n<li>\n<h2><a title=\"Enlace a... Video: El nuevo Ecuador seduce a Europa\" href=\"https:\/\/www.ramonramon.org\/blog\/2013\/05\/21\/video-el-nuevo-ecuador-seduce-a-europa\/\" rel=\"bookmark\">Video: El nuevo Ecuador seduce a Europa<\/a><\/h2>\n<\/li>\n<\/ul>\n<p style=\"text-align: justify;\">\u00bfY t\u00fa, como ves el panorama? \u00bfAlg\u00fan consejo o recomendaci\u00f3n?<\/p>\n","protected":false},"excerpt":{"rendered":"<p>No pierdas tu tiempo, tu dinero, tus energ\u00edas, &#8230;. no busques trabajo, en Espa\u00f1a no lo hay, crea tu empresa&#8230; ha llegado el momento de las empresas de uno. De esta manera resumo parte del art\u00edculo del pol\u00e9mico Risto Mejide en el Peri\u00f3dico.com. Art\u00edculo y tuit que ha tenido un enorme impacto en las redes&hellip;&nbsp;<a href=\"https:\/\/ramonramon.org\/blog\/2013\/05\/26\/en-espana-no-busques-trabajo-no-inviertas-energias-en-algo-imposible\/\" rel=\"bookmark\">Leer m\u00e1s &raquo;<span class=\"screen-reader-text\">En Espa\u00f1a no busques trabajo, no inviertas energ\u00edas en algo imposible<\/span><\/a><\/p>\n","protected":false},"author":2070,"featured_media":0,"comment_status":"open","ping_status":"open","sticky":false,"template":"","format":"standard","meta":{"neve_meta_sidebar":"","neve_meta_container":"","neve_meta_enable_content_width":"","neve_meta_content_width":0,"neve_meta_title_alignment":"","neve_meta_author_avatar":"","neve_post_elements_order":"","neve_meta_disable_header":"","neve_meta_disable_footer":"","neve_meta_disable_title":"","footnotes":""},"categories":[9],"tags":[1993],"class_list":["post-14468","post","type-post","status-publish","format-standard","hentry","category-empleo","tag-empleo"],"aioseo_notices":[],"_links":{"self":[{"href":"https:\/\/ramonramon.org\/blog\/wp-json\/wp\/v2\/posts\/14468","targetHints":{"allow":["GET"]}}],"collection":[{"href":"https:\/\/ramonramon.org\/blog\/wp-json\/wp\/v2\/posts"}],"about":[{"href":"https:\/\/ramonramon.org\/blog\/wp-json\/wp\/v2\/types\/post"}],"author":[{"embeddable":true,"href":"https:\/\/ramonramon.org\/blog\/wp-json\/wp\/v2\/users\/2070"}],"replies":[{"embeddable":true,"href":"https:\/\/ramonramon.org\/blog\/wp-json\/wp\/v2\/comments?post=14468"}],"version-history":[{"count":0,"href":"https:\/\/ramonramon.org\/blog\/wp-json\/wp\/v2\/posts\/14468\/revisions"}],"wp:attachment":[{"href":"https:\/\/ramonramon.org\/blog\/wp-json\/wp\/v2\/media?parent=14468"}],"wp:term":[{"taxonomy":"category","embeddable":true,"href":"https:\/\/ramonramon.org\/blog\/wp-json\/wp\/v2\/categories?post=14468"},{"taxonomy":"post_tag","embeddable":true,"href":"https:\/\/ramonramon.org\/blog\/wp-json\/wp\/v2\/tags?post=14468"}],"curies":[{"name":"wp","href":"https:\/\/api.w.org\/{rel}","templated":true}]}}