{"id":14362,"date":"2013-05-21T22:19:56","date_gmt":"2013-05-21T20:19:56","guid":{"rendered":"https:\/\/www.ramonramon.org\/blog\/?p=14362"},"modified":"2013-05-21T22:23:59","modified_gmt":"2013-05-21T20:23:59","slug":"video-el-nuevo-ecuador-seduce-a-europa","status":"publish","type":"post","link":"https:\/\/ramonramon.org\/blog\/2013\/05\/21\/video-el-nuevo-ecuador-seduce-a-europa\/","title":{"rendered":"Video: El nuevo Ecuador seduce a Europa"},"content":{"rendered":"<p style=\"text-align: justify;\"><a href=\"http:\/\/es.wikipedia.org\/wiki\/Ecuador\" target=\"_blank\">Ecuador<\/a> se est\u00e1 convirtiendo en un referente mundial por sus reformas econ\u00f3micas que han hecho que m\u00e1s de un mill\u00f3n de ecuatorianos salgan de la pobreza y como dice el v\u00eddeo: El nuevo Ecuador seduce a Europa.<\/p>\n<p style=\"text-align: justify;\">El nuevo Ecuador, de la mano del Presidente Correa, se ha convertido en un referente, con recetas sociales para afrontar esta crisis de valores, y en el video se recogen algunas de las reflexiones que hacen que, cada d\u00eda m\u00e1s y m\u00e1s personas, admiremos a este pol\u00edtico y economista de izquierdas.<\/p>\n<p style=\"text-align: justify;\">\n<iframe loading=\"lazy\" src=\"http:\/\/www.youtube.com\/embed\/dxasfyHKFQY\" height=\"315\" width=\"560\" allowfullscreen=\"\" frameborder=\"0\"><\/iframe><\/p>\n<p style=\"text-align: justify;\">Grande <a href=\"https:\/\/www.ramonramon.org\/blog\/?s=correa\">Rafael Correa una vez m\u00e1s<\/a>, de forma simple y contundente, con reflexiones como:<\/p>\n<blockquote>\n<p style=\"text-align: justify;\">\u00abExisten las casas, pero por la ambici\u00f3n del capital financiero va a llegar lo peor de los mundos y por leyes injustas: <strong>gente sin casas y banco con casas<\/strong>, ese es el peor de los mundos, <strong>eso es econom\u00eda torpe<\/strong>,\u00a0 econom\u00eda tonta\u00bb<\/p>\n<\/blockquote>\n<p style=\"text-align: justify;\">nos deja claro que este mundo actual no tiene sentido.<\/p>\n","protected":false},"excerpt":{"rendered":"<p>Ecuador se est\u00e1 convirtiendo en un referente mundial por sus reformas econ\u00f3micas que han hecho que m\u00e1s de un mill\u00f3n de ecuatorianos salgan de la pobreza y como dice el v\u00eddeo: El nuevo Ecuador seduce a Europa. El nuevo Ecuador, de la mano del Presidente Correa, se ha convertido en un referente, con recetas sociales&hellip;&nbsp;<a href=\"https:\/\/ramonramon.org\/blog\/2013\/05\/21\/video-el-nuevo-ecuador-seduce-a-europa\/\" rel=\"bookmark\">Leer m\u00e1s &raquo;<span class=\"screen-reader-text\">Video: El nuevo Ecuador seduce a Europa<\/span><\/a><\/p>\n","protected":false},"author":2070,"featured_media":0,"comment_status":"open","ping_status":"open","sticky":false,"template":"","format":"standard","meta":{"neve_meta_sidebar":"","neve_meta_container":"","neve_meta_enable_content_width":"","neve_meta_content_width":0,"neve_meta_title_alignment":"","neve_meta_author_avatar":"","neve_post_elements_order":"","neve_meta_disable_header":"","neve_meta_disable_footer":"","neve_meta_disable_title":"","footnotes":""},"categories":[23],"tags":[307,309,1626],"class_list":["post-14362","post","type-post","status-publish","format-standard","hentry","category-personal","tag-economia","tag-ecuador","tag-rafael-correa"],"aioseo_notices":[],"_links":{"self":[{"href":"https:\/\/ramonramon.org\/blog\/wp-json\/wp\/v2\/posts\/14362","targetHints":{"allow":["GET"]}}],"collection":[{"href":"https:\/\/ramonramon.org\/blog\/wp-json\/wp\/v2\/posts"}],"about":[{"href":"https:\/\/ramonramon.org\/blog\/wp-json\/wp\/v2\/types\/post"}],"author":[{"embeddable":true,"href":"https:\/\/ramonramon.org\/blog\/wp-json\/wp\/v2\/users\/2070"}],"replies":[{"embeddable":true,"href":"https:\/\/ramonramon.org\/blog\/wp-json\/wp\/v2\/comments?post=14362"}],"version-history":[{"count":0,"href":"https:\/\/ramonramon.org\/blog\/wp-json\/wp\/v2\/posts\/14362\/revisions"}],"wp:attachment":[{"href":"https:\/\/ramonramon.org\/blog\/wp-json\/wp\/v2\/media?parent=14362"}],"wp:term":[{"taxonomy":"category","embeddable":true,"href":"https:\/\/ramonramon.org\/blog\/wp-json\/wp\/v2\/categories?post=14362"},{"taxonomy":"post_tag","embeddable":true,"href":"https:\/\/ramonramon.org\/blog\/wp-json\/wp\/v2\/tags?post=14362"}],"curies":[{"name":"wp","href":"https:\/\/api.w.org\/{rel}","templated":true}]}}