{"id":13984,"date":"2013-04-23T17:26:18","date_gmt":"2013-04-23T15:26:18","guid":{"rendered":"https:\/\/www.ramonramon.org\/blog\/?p=13984"},"modified":"2021-09-16T19:04:28","modified_gmt":"2021-09-16T17:04:28","slug":"valentia-para-acabar-con-la-colonizacion-tecnologica","status":"publish","type":"post","link":"https:\/\/ramonramon.org\/blog\/2013\/04\/23\/valentia-para-acabar-con-la-colonizacion-tecnologica\/","title":{"rendered":"Necesitamos valent\u00eda de nuestros gobernantes para acabar con la colonizaci\u00f3n tecnol\u00f3gica"},"content":{"rendered":"<p style=\"text-align: justify;\">En Am\u00e9rica Latina y en otros muchos otros pa\u00edses venimos viviendo una segunda <a href=\"https:\/\/www.ramonramon.org\/blog\/2012\/08\/20\/la-nueva-colonizacion-de-america-latina-la-tecnologica-y-el-conocimiento\/\">colonizaci\u00f3n, la tecnol\u00f3gica<\/a>.\u00a0 Si antes eran los espa\u00f1oles con espejitos, ahora son las multinacionales, en forma de fundaciones y organizaciones de todo tipo, o bien directamente previo pago, las que dominan nuestra poblaci\u00f3n.<\/p>\n<p style=\"text-align: justify;\">Este podr\u00eda ser el resumen de lo <a href=\"https:\/\/www.google.com\/search?client=ubuntu&amp;channel=fs&amp;q=ram%C3%B3n+ram%C3%B3n+bolivia&amp;ie=utf-8&amp;oe=utf-8#newwindow=1&amp;client=ubuntu&amp;hs=pEP&amp;hl=es&amp;channel=fs&amp;sclient=psy-ab&amp;q=%22ram%C3%B3n+ram%C3%B3n+bolivia%22&amp;oq=%22ram%C3%B3n+ram%C3%B3n+bolivia%22&amp;gs_l=serp.3...8708.11404.0.12977.2.2.0.0.0.0.1115.1115.7-1.1.0...0.0...1c.1.9.psy-ab.dzDuwHQohv4&amp;pbx=1&amp;bav=on.2,or.r_cp.r_qf.&amp;bvm=bv.45512109,d.dmg&amp;fp=21fb776784198641&amp;biw=1600&amp;bih=734\" target=\"_blank\" rel=\"noopener noreferrer\">expresado en varias declaraciones para medios bolivianos<\/a> durante mi estancia en La Paz.\u00a0 Y es que, como vengo diciendo desde hace mucho, necesitamos <a href=\"https:\/\/www.ramonramon.org\/blog\/?s=VALIENTE\">l\u00edderes valientes<\/a>, gobernantes y responsables t\u00e9cnicos que no tengan miedo a tomar parte, a hacer, construir, crear, sumar,&#8230;\u00a0 y sobre todo, no dejarse llevar por el mercado y las decisiones de las transnacionales.\u00a0 Y as\u00ed lo coment\u00e9 en la <a href=\"http:\/\/erbol.com.bo\/archivos_multimedia\/entrevista_ramon_ramon_sanchez_experto_en_software_libre\" target=\"_blank\" rel=\"noopener noreferrer\">entrevista que me hicieron en la radio Erbol<\/a> y que las agencias recogieron como<\/p>\n<p><a href=\"http:\/\/anbolivia.blogspot.com\/2013\/04\/faltan-valientes-en-bolivia-para.html\" target=\"_blank\" rel=\"noopener noreferrer\">\u2018FALTAN VALIENTES EN BOLIVIA PARA SOFTWARE LIBRE\u2019<\/a><\/p>\n<blockquote><p>\u201cAqu\u00ed faltan l\u00edderes valientes, tanto t\u00e9cnicos como pol\u00edticos, que asuman el control de su pueblo y pongan las tecnolog\u00edas para el beneficio de su pueblo y no sigan las imposiciones de las transnacionales. Yo creo deber\u00eda haber valent\u00eda en casi todos los ministerios y la propia jefatura del Estado, porque estamos hablando del progreso de un pueblo, de pol\u00edticas de apropiaci\u00f3n del conocimiento\u201d<\/p>\n<p>\u201c&#8230; se trata de <strong>asumir un papel activo en el beneficio de la ciudadan\u00eda<\/strong>, de la soberan\u00eda tecnol\u00f3gica, de no dejar nuestros datos en manos de otras corporaciones. Si en Bolivia no hay un cambio de rumbo importante, seguir\u00e1 siendo <strong>un pa\u00eds consumidor<\/strong>, <strong>actor pasivo de tecnolog\u00edas<\/strong> y (a merced) de lo que digan las transnacionales\u201d, sostuvo.<\/p>\n<p>Insisti\u00f3 que cuando hablamos de software libre o de tecnolog\u00eda en general, <strong>nos referimos a pol\u00edticas tecnol\u00f3gicas de apropiaci\u00f3n de conocimiento<\/strong>.<\/p>\n<p>\u201cPor ejemplo, cuando elegimos un presidente, de forma democr\u00e1tica, creemos que \u00e9l va tener el control completo de la soberan\u00eda del pa\u00eds, sin embargo, no es el representante del pueblo el que tiene el control, son las transnacionales que <strong>usan sus sistemas inform\u00e1ticos para controlar<\/strong>, por eso siempre digo, hace 500 a\u00f1os sufrimos la colonizaci\u00f3n (de espa\u00f1oles) con los espejitos, hoy en d\u00eda, sufrimos una siguiente <strong>colonizaci\u00f3n que es la de los espejitos tecnol\u00f3gicos<\/strong>\u201d, explic\u00f3.<\/p>\n<p>&#8230; ese software de las transnacionales se implanta en toda nuestra administraci\u00f3n y se <strong>apropia de nuestro conocimiento<\/strong>. \u201cEntonces \u00bfqui\u00e9nes est\u00e1n controlando nuestros datos, los Estados o las transnacionales?\u201d, cuestion\u00f3.<\/p><\/blockquote>\n<p>&nbsp;<\/p>\n<p>Igual de importante fue la entrevista en el diario La Raz\u00f3n, el primero del pa\u00eds, y del que tendr\u00eda que tomar nota el \u00faltimo de Espa\u00f1a, con otro gran titular y sobretitular:<\/p>\n<figure id=\"attachment_13986\" aria-describedby=\"caption-attachment-13986\" style=\"width: 150px\" class=\"wp-caption alignleft\"><a href=\"https:\/\/www.ramonramon.org\/blog\/2013\/04\/23\/valentia-para-acabar-con-la-colonizacion-tecnologica\/software-ramon-foto-victor-gutierrez_lrzima20130420_0050_11\/\" rel=\"attachment wp-att-13986\"><img loading=\"lazy\" decoding=\"async\" class=\"size-thumbnail wp-image-13986 \" style=\"margin-left: 6px; margin-right: 6px;\" alt=\"Descolonizaci\u00f3n tecnol\u00f3gica\" src=\"https:\/\/www.ramonramon.org\/blog\/wp-content\/uploads\/software-Ramon-Foto-Victor-Gutierrez_LRZIMA20130420_0050_11-202x141.jpg\" width=\"150\" height=\"150\" \/><\/a><figcaption id=\"caption-attachment-13986\" class=\"wp-caption-text\">Foto de V\u00edctor Guti\u00e9rrez &#8211; La Raz\u00f3n<\/figcaption><\/figure>\n<h2>Ram\u00f3n: Hay que descolonizar la tecnolog\u00eda<\/h2>\n<p><em>Trabajar en la descolonizaci\u00f3n de la tecnolog\u00eda en el pa\u00eds, con el uso masivo del software libre para as\u00ed generar tecnolog\u00eda y no ser s\u00f3lo usuarios de corporaciones.<\/em><\/p>\n<p>&nbsp;<\/p>\n<blockquote><p>Trabajar en la descolonizaci\u00f3n de la tecnolog\u00eda en el pa\u00eds, con el uso masivo del software libre para as\u00ed generar tecnolog\u00eda y no ser s\u00f3lo usuarios de corporaciones<\/p>\n<p>\u201cSi uno trabaja con tecnolog\u00eda privatizada aspira a ser un mero usuario de herramientas, aplicaciones e inform\u00e1tica; pero con el software libre se puede generar tecnolog\u00eda, pasar de un rol pasivo a uno activo y tomar las riendas del avance de su pa\u00eds\u201d.<\/p><\/blockquote>\n<p style=\"text-align: justify;\">La Comunidad del Software Libre a nivel internacional, sigue trabajando en la liberaci\u00f3n del conocimiento, en la lucha contra la colonizaci\u00f3n tecnol\u00f3gica, y ahora, profesionales como los maestrantes de la UMSA se suman a esta tarea, en la que cada d\u00eda m\u00e1s y m\u00e1s personas se alinean frente a las transnacionales.<\/p>\n","protected":false},"excerpt":{"rendered":"<p>En Am\u00e9rica Latina y en otros muchos otros pa\u00edses venimos viviendo una segunda colonizaci\u00f3n, la tecnol\u00f3gica.\u00a0 Si antes eran los espa\u00f1oles con espejitos, ahora son las multinacionales, en forma de fundaciones y organizaciones de todo tipo, o bien directamente previo pago, las que dominan nuestra poblaci\u00f3n. Este podr\u00eda ser el resumen de lo expresado en&hellip;&nbsp;<a href=\"https:\/\/ramonramon.org\/blog\/2013\/04\/23\/valentia-para-acabar-con-la-colonizacion-tecnologica\/\" rel=\"bookmark\">Leer m\u00e1s &raquo;<span class=\"screen-reader-text\">Necesitamos valent\u00eda de nuestros gobernantes para acabar con la colonizaci\u00f3n tecnol\u00f3gica<\/span><\/a><\/p>\n","protected":false},"author":2070,"featured_media":0,"comment_status":"open","ping_status":"open","sticky":false,"template":"","format":"standard","meta":{"neve_meta_sidebar":"","neve_meta_container":"","neve_meta_enable_content_width":"","neve_meta_content_width":0,"neve_meta_title_alignment":"","neve_meta_author_avatar":"","neve_post_elements_order":"","neve_meta_disable_header":"","neve_meta_disable_footer":"","neve_meta_disable_title":"","footnotes":""},"categories":[3,6,18],"tags":[1666,1679],"class_list":["post-13984","post","type-post","status-publish","format-standard","hentry","category-administraciones-publicas","category-conocimientolibre","category-libertad-tecnologica","tag-america-latina","tag-valentia"],"aioseo_notices":[],"_links":{"self":[{"href":"https:\/\/ramonramon.org\/blog\/wp-json\/wp\/v2\/posts\/13984","targetHints":{"allow":["GET"]}}],"collection":[{"href":"https:\/\/ramonramon.org\/blog\/wp-json\/wp\/v2\/posts"}],"about":[{"href":"https:\/\/ramonramon.org\/blog\/wp-json\/wp\/v2\/types\/post"}],"author":[{"embeddable":true,"href":"https:\/\/ramonramon.org\/blog\/wp-json\/wp\/v2\/users\/2070"}],"replies":[{"embeddable":true,"href":"https:\/\/ramonramon.org\/blog\/wp-json\/wp\/v2\/comments?post=13984"}],"version-history":[{"count":0,"href":"https:\/\/ramonramon.org\/blog\/wp-json\/wp\/v2\/posts\/13984\/revisions"}],"wp:attachment":[{"href":"https:\/\/ramonramon.org\/blog\/wp-json\/wp\/v2\/media?parent=13984"}],"wp:term":[{"taxonomy":"category","embeddable":true,"href":"https:\/\/ramonramon.org\/blog\/wp-json\/wp\/v2\/categories?post=13984"},{"taxonomy":"post_tag","embeddable":true,"href":"https:\/\/ramonramon.org\/blog\/wp-json\/wp\/v2\/tags?post=13984"}],"curies":[{"name":"wp","href":"https:\/\/api.w.org\/{rel}","templated":true}]}}