{"id":13956,"date":"2013-04-16T00:33:20","date_gmt":"2013-04-15T22:33:20","guid":{"rendered":"https:\/\/www.ramonramon.org\/blog\/?p=13956"},"modified":"2020-03-22T13:58:22","modified_gmt":"2020-03-22T12:58:22","slug":"masterfloss","status":"publish","type":"post","link":"https:\/\/ramonramon.org\/blog\/2013\/04\/16\/masterfloss\/","title":{"rendered":"Maestr\u00eda de Software Libre y Est\u00e1ndares Abiertos de la UMSA"},"content":{"rendered":"<p style=\"text-align: justify;\">Comienza <a href=\"https:\/\/www.ramonramon.org\/blog\/2013\/04\/09\/mis-primeras-48-horas-en-la-paz-bolivia\/\">mi segunda semana en La Paz<\/a> con el mismo o mayor entusiasmo que mi primera semana, y todo gracias al incre\u00edble grupo de alumnos con los que tengo la suerte de compartir todas las tardes en la <a href=\"https:\/\/www.ramonramon.org\/blog\/2013\/04\/06\/rumbo-a-la-paz-bolivia\/\">maestr\u00eda FLOSS de la Universidad Mayor de San Andr\u00e9s<\/a>, la mayor universidad p\u00fablica del pa\u00eds.<\/p>\n<figure id=\"attachment_13968\" aria-describedby=\"caption-attachment-13968\" style=\"width: 150px\" class=\"wp-caption alignleft\"><a href=\"https:\/\/www.ramonramon.org\/blog\/wp-content\/uploads\/20130412_204902.jpg\" target=\"_blank\" rel=\"noopener noreferrer\"><img loading=\"lazy\" decoding=\"async\" class=\"size-thumbnail wp-image-13968\" style=\"margin: 4px;\" alt=\"20130412_204902\" src=\"https:\/\/www.ramonramon.org\/blog\/wp-content\/uploads\/20130412_204902-188x141.jpg\" width=\"150\" height=\"150\" \/><\/a><figcaption id=\"caption-attachment-13968\" class=\"wp-caption-text\">Esteban Mendieta participando en el Master FLOSS de la UMSA<\/figcaption><\/figure>\n<p style=\"text-align: justify;\">La semana pasada comenz\u00f3 con diversas reuniones y termin\u00f3 siendo muy emocionante poder compartir las clases con la participaci\u00f3n de amigos de varios pa\u00edses que nos contaron la historia viva del software libre en diferentes pa\u00edses. Entre otros, tuve la suerte de contar con Margarita Rojas de Paraguay, que les habl\u00f3 del Plan Director TIC, Esteban Mendieta que les cont\u00f3 como se produjo la charla de Richard Stallman con el Presidente Correa y otras tantas e importantes acontecimientos de la historia de aquel pa\u00eds, posteriormente tuvimos la ma\u00f1ana tem\u00e1tica espa\u00f1ola, con la participaci\u00f3n de Manuel Velardo,<\/p>\n<figure id=\"attachment_13967\" aria-describedby=\"caption-attachment-13967\" style=\"width: 150px\" class=\"wp-caption alignright\"><a href=\"https:\/\/www.ramonramon.org\/blog\/2013\/04\/16\/masterfloss\/20130413_111702\/\" rel=\"attachment wp-att-13967\"><img loading=\"lazy\" decoding=\"async\" class=\"size-thumbnail wp-image-13967 \" style=\"margin: 4px;\" alt=\"JJ Merelo participando en el Master FLOSS de la UMSA\" src=\"https:\/\/www.ramonramon.org\/blog\/wp-content\/uploads\/20130413_111702-e1366067343277-188x141.jpg\" width=\"150\" height=\"150\" \/><\/a><figcaption id=\"caption-attachment-13967\" class=\"wp-caption-text\">JJ Merelo participando en el Master FLOSS de la UMSA<\/figcaption><\/figure>\n<p style=\"text-align: justify;\">director de CENATIC;\u00a0 JJ Merelo, director de la Oficina de Software Libre de la Universidad de Granada; Juantomas Garc\u00eda, el hacker hispano al que m\u00e1s admiro y fundador de Hispalinux, para terminar con Carlos Castro, impulsor junto a Rodr\u00edguez Ibarra y Luis Mill\u00e1n de toda la pol\u00edtica de software libre en Extremadura.<\/p>\n<p style=\"text-align: justify;\"><a href=\"https:\/\/www.ramonramon.org\/blog\/wp-content\/uploads\/masterFLOSS.jpg\"><img loading=\"lazy\" decoding=\"async\" class=\"alignleft  wp-image-13919\" alt=\"Master Software libre UMSA\" src=\"https:\/\/www.ramonramon.org\/blog\/wp-content\/uploads\/masterFLOSS.jpg\" width=\"126\" height=\"300\" srcset=\"https:\/\/ramonramon.org\/blog\/wp-content\/uploads\/masterFLOSS.jpg 180w, https:\/\/ramonramon.org\/blog\/wp-content\/uploads\/masterFLOSS-59x141.jpg 59w\" sizes=\"auto, (max-width: 126px) 100vw, 126px\" \/><\/a>Estos d\u00edas seguiremos hablando de licencias de software libre, normativas de diferentes pa\u00edses, modelos de negocio e implantaciones de software libre en administraciones p\u00fablicas y grandes empresas, pero adem\u00e1s, seguiremos contando con la participaci\u00f3n de actores de la historia del software libre de algunos otros pa\u00edses como son Brasil o Venezuela, y conociendo la historia de Huayra, de Software P\u00fablico en Chile o de como en el Ministerio de Salud de El Salvador, su director de tecnolog\u00eda usa el software libre como la herramienta que le permite ofrecer m\u00e1s y mejores servicios, o la propia Universidad de Costa Rica es una apuesta decidida por su innovaci\u00f3n, formaci\u00f3n de sus estudiantes y ahorro considerable usando tambi\u00e9n software libre.\u00a0 Desde aqu\u00ed, una vez m\u00e1s, gracias a todos los amigos, que de una u otra manera han tenido que dejar su atareado d\u00eda a d\u00eda, o incluso su merecido descanso del s\u00e1bado para atender mi solicitud de acompa\u00f1arnos, experiencia que los maestrantes han valorado y disfrutado much\u00edsimo, y espero que estos amigos tambi\u00e9n \ud83d\ude09<\/p>\n<p style=\"text-align: justify;\">Realmente espero sea una semana fascinante, en la que hablemos como podemos mejorar nuestra Sociedad, como se puede impulsar software libre y soberan\u00eda tecnol\u00f3gica en Bolivia y como gracias a la implicaci\u00f3n de los maestrantes, pronto la independencia tecnol\u00f3gica ser\u00e1 una realidad.<\/p>\n<p style=\"text-align: justify;\">Si quer\u00e9is seguir las clases, estamos tuiteando con el <a href=\"https:\/\/twitter.com\/search?q=%23MasterFLOSS&amp;src=hash\">hashtag #MasterFLOSS<\/a><\/p>\n","protected":false},"excerpt":{"rendered":"<p>Comienza mi segunda semana en La Paz con el mismo o mayor entusiasmo que mi primera semana, y todo gracias al incre\u00edble grupo de alumnos con los que tengo la suerte de compartir todas las tardes en la maestr\u00eda FLOSS de la Universidad Mayor de San Andr\u00e9s, la mayor universidad p\u00fablica del pa\u00eds. La semana&hellip;&nbsp;<a href=\"https:\/\/ramonramon.org\/blog\/2013\/04\/16\/masterfloss\/\" rel=\"bookmark\">Leer m\u00e1s &raquo;<span class=\"screen-reader-text\">Maestr\u00eda de Software Libre y Est\u00e1ndares Abiertos de la UMSA<\/span><\/a><\/p>\n","protected":false},"author":2070,"featured_media":0,"comment_status":"open","ping_status":"open","sticky":false,"template":"","format":"standard","meta":{"neve_meta_sidebar":"","neve_meta_container":"","neve_meta_enable_content_width":"","neve_meta_content_width":0,"neve_meta_title_alignment":"","neve_meta_author_avatar":"","neve_post_elements_order":"","neve_meta_disable_header":"","neve_meta_disable_footer":"","neve_meta_disable_title":"","footnotes":""},"categories":[3,27,30],"tags":[1736,1735,2003,1738],"class_list":["post-13956","post","type-post","status-publish","format-standard","hentry","category-administraciones-publicas","category-software-libre","category-viajes","tag-bolivia","tag-la-paz","tag-software-libre","tag-umsa"],"aioseo_notices":[],"_links":{"self":[{"href":"https:\/\/ramonramon.org\/blog\/wp-json\/wp\/v2\/posts\/13956","targetHints":{"allow":["GET"]}}],"collection":[{"href":"https:\/\/ramonramon.org\/blog\/wp-json\/wp\/v2\/posts"}],"about":[{"href":"https:\/\/ramonramon.org\/blog\/wp-json\/wp\/v2\/types\/post"}],"author":[{"embeddable":true,"href":"https:\/\/ramonramon.org\/blog\/wp-json\/wp\/v2\/users\/2070"}],"replies":[{"embeddable":true,"href":"https:\/\/ramonramon.org\/blog\/wp-json\/wp\/v2\/comments?post=13956"}],"version-history":[{"count":0,"href":"https:\/\/ramonramon.org\/blog\/wp-json\/wp\/v2\/posts\/13956\/revisions"}],"wp:attachment":[{"href":"https:\/\/ramonramon.org\/blog\/wp-json\/wp\/v2\/media?parent=13956"}],"wp:term":[{"taxonomy":"category","embeddable":true,"href":"https:\/\/ramonramon.org\/blog\/wp-json\/wp\/v2\/categories?post=13956"},{"taxonomy":"post_tag","embeddable":true,"href":"https:\/\/ramonramon.org\/blog\/wp-json\/wp\/v2\/tags?post=13956"}],"curies":[{"name":"wp","href":"https:\/\/api.w.org\/{rel}","templated":true}]}}