{"id":13911,"date":"2013-04-05T14:02:41","date_gmt":"2013-04-05T12:02:41","guid":{"rendered":"https:\/\/www.ramonramon.org\/blog\/?p=13911"},"modified":"2013-04-04T21:18:35","modified_gmt":"2013-04-04T19:18:35","slug":"mujica-la-voz-de-america-latina","status":"publish","type":"post","link":"https:\/\/ramonramon.org\/blog\/2013\/04\/05\/mujica-la-voz-de-america-latina\/","title":{"rendered":"Mujica: la voz de Am\u00e9rica Latina"},"content":{"rendered":"<p style=\"text-align: justify;\">Con esta afirmaci\u00f3n <a href=\"https:\/\/twitter.com\/LuisGuerreroJim\/status\/319846757582393344\">catalogaba mi amigo Luis Guerrero<\/a> a este gran pol\u00edtico que con tanta naturalidad y sencillez, habla, gobierna, vive y traslada las necesarias pol\u00edticas para el progreso de la ciudadan\u00eda.<\/p>\n<p style=\"text-align: justify;\">No hace mucho ya lo cit\u00e1bamos en un post anterior:<\/p>\n<header>\n<h1><a title=\"Enlace a... De la \u00e9poca de la Construcci\u00f3n a la de la destrucci\u00f3n\" href=\"https:\/\/www.ramonramon.org\/blog\/2013\/02\/15\/de-la-epoca-de-la-construccion-a-la-de-la-destruccion\/\" rel=\"bookmark\">De la \u00e9poca de la Construcci\u00f3n a la de la destrucci\u00f3n<\/a><\/h1>\n<\/header>\n<p style=\"text-align: justify;\"><em>El enemigo es la especulaci\u00f3n, la econom\u00eda que se basa en la expectativa y nunca en el bien material y en la fuerza del trabajo, de un modelo capitalista salvaje, de una econom\u00eda de mercado que ha creado \u201csociedades de mercado\u201d, como afirm\u00f3 <a href=\"http:\/\/www.youtube.com\/watch?v=3cQgONgTupo\">el presidente Jos\u00e9 Mujica en los encuentros de R\u00edo +20<\/a>.<\/em><\/p>\n<p style=\"text-align: justify;\">Ahora de nuevo, y en la IV Conferencia ministerial sobre la sociedad de la informaci\u00f3n de Am\u00e9rica Latina y el Caribe nos deleita con sabias palabras:<br \/>\n<iframe loading=\"lazy\" src=\"http:\/\/www.youtube.com\/embed\/lCRsLjtVTZ0\" height=\"315\" width=\"560\" allowfullscreen=\"\" frameborder=\"0\"><\/iframe><\/p>\n<blockquote><p>Si no logramos multiplicar la igualdad, y multiplicar la igualdad es multiplicar la diversidad, la existencia, la coexistencia de lo distinto, porque cada ser humano es distinto entre si.<\/p>\n<p>&#8230;La nueva civilizaci\u00f3n digital debe procurar que cada cual sepa elegir su nicho, su diversidad.\u00a0 Porque es imposible la bastedad de lo que se nos presenta.<\/p>\n<p>El deber de la pol\u00edtica en el sentido superior, porque la tecnolog\u00eda librada a s\u00ed mismo<strong> no necesariamente se preocupa de la igualdad y menos de los sentimientos.. y hay que pedirlo a la regulaci\u00f3n, a la existencia de decisiones pol\u00edticas que tiene que tomar una Sociedad.<\/strong><\/p>\n<p>Para una tecnolog\u00eda superior se necesitan hombres superiores, si esta tecnolog\u00eda avanza y avanza en el marco de una sociedad de bestias, pronto ser\u00e1 de bestias.<\/p>\n<p>&#8230; Algunos est\u00e1n porque es un negocio&#8230; pero esto es un instrumento desafiante&#8230; y sirve para los m\u00e1s postergados, para los ni\u00f1os que viven en el interior&#8230; cuantos ni\u00f1os pobres hay en el coraz\u00f3n de nuestra Am\u00e9rica Latina,&#8230;<\/p>\n<p>Por eso no puedo separar la tecnolog\u00eda de la filosof\u00eda, de la vida, &#8230; y en definitiva de la lucha pol\u00edtica del sentido trascendente que tiene para la especie humana&#8230;<\/p>\n<p>&#8230;. por eso, gracias por lo que puedan hacer para mejorar la bestia que llevamos adentro\u00bb<\/p>\n<p>&nbsp;<\/p><\/blockquote>\n<p style=\"text-align: justify;\">Y que al final, al menos desde mi humilde opini\u00f3n, se trata de poner la tecnolog\u00eda al servicio de la sociedad, mediante el empleo de las herramientas libres, los est\u00e1ndares abiertos y la formaci\u00f3n en valores apoyados en las tecnolog\u00edas. Acabar con <a title=\"Enlace a... La nueva colonizaci\u00f3n de Am\u00e9rica Latina, la tecnol\u00f3gica y el conocimiento\" href=\"https:\/\/www.ramonramon.org\/blog\/2012\/08\/20\/la-nueva-colonizacion-de-america-latina-la-tecnologica-y-el-conocimiento\/\" rel=\"bookmark\">La nueva colonizaci\u00f3n de Am\u00e9rica Latina, la tecnol\u00f3gica y el conocimiento<\/a>. Y no, mediante la tiran\u00eda o imposici\u00f3n de las herramientas, en resumen\u00a0 <strong><a title=\"Enlace a... La soberan\u00eda tecnol\u00f3gica es el resultado de la libertad\" href=\"https:\/\/www.ramonramon.org\/blog\/2012\/06\/12\/soberania-tecnologica-vs-neutralidad\/\" rel=\"bookmark\">La soberan\u00eda tecnol\u00f3gica es el resultado de la libertad<\/a><\/strong>.<\/p>\n","protected":false},"excerpt":{"rendered":"<p>Con esta afirmaci\u00f3n catalogaba mi amigo Luis Guerrero a este gran pol\u00edtico que con tanta naturalidad y sencillez, habla, gobierna, vive y traslada las necesarias pol\u00edticas para el progreso de la ciudadan\u00eda. No hace mucho ya lo cit\u00e1bamos en un post anterior: De la \u00e9poca de la Construcci\u00f3n a la de la destrucci\u00f3n El enemigo&hellip;&nbsp;<a href=\"https:\/\/ramonramon.org\/blog\/2013\/04\/05\/mujica-la-voz-de-america-latina\/\" rel=\"bookmark\">Leer m\u00e1s &raquo;<span class=\"screen-reader-text\">Mujica: la voz de Am\u00e9rica Latina<\/span><\/a><\/p>\n","protected":false},"author":2070,"featured_media":0,"comment_status":"open","ping_status":"open","sticky":false,"template":"","format":"standard","meta":{"neve_meta_sidebar":"","neve_meta_container":"","neve_meta_enable_content_width":"","neve_meta_content_width":0,"neve_meta_title_alignment":"","neve_meta_author_avatar":"","neve_post_elements_order":"","neve_meta_disable_header":"","neve_meta_disable_footer":"","neve_meta_disable_title":"","footnotes":""},"categories":[3,6,18],"tags":[509],"class_list":["post-13911","post","type-post","status-publish","format-standard","hentry","category-administraciones-publicas","category-conocimientolibre","category-libertad-tecnologica","tag-libertad"],"aioseo_notices":[],"_links":{"self":[{"href":"https:\/\/ramonramon.org\/blog\/wp-json\/wp\/v2\/posts\/13911","targetHints":{"allow":["GET"]}}],"collection":[{"href":"https:\/\/ramonramon.org\/blog\/wp-json\/wp\/v2\/posts"}],"about":[{"href":"https:\/\/ramonramon.org\/blog\/wp-json\/wp\/v2\/types\/post"}],"author":[{"embeddable":true,"href":"https:\/\/ramonramon.org\/blog\/wp-json\/wp\/v2\/users\/2070"}],"replies":[{"embeddable":true,"href":"https:\/\/ramonramon.org\/blog\/wp-json\/wp\/v2\/comments?post=13911"}],"version-history":[{"count":0,"href":"https:\/\/ramonramon.org\/blog\/wp-json\/wp\/v2\/posts\/13911\/revisions"}],"wp:attachment":[{"href":"https:\/\/ramonramon.org\/blog\/wp-json\/wp\/v2\/media?parent=13911"}],"wp:term":[{"taxonomy":"category","embeddable":true,"href":"https:\/\/ramonramon.org\/blog\/wp-json\/wp\/v2\/categories?post=13911"},{"taxonomy":"post_tag","embeddable":true,"href":"https:\/\/ramonramon.org\/blog\/wp-json\/wp\/v2\/tags?post=13911"}],"curies":[{"name":"wp","href":"https:\/\/api.w.org\/{rel}","templated":true}]}}