{"id":13736,"date":"2013-03-12T10:05:58","date_gmt":"2013-03-12T09:05:58","guid":{"rendered":"https:\/\/www.ramonramon.org\/blog\/?p=13736"},"modified":"2022-05-19T14:08:49","modified_gmt":"2022-05-19T12:08:49","slug":"se-cumple-el-6o-aniversario-twitter-herramienta-de-comunicacion","status":"publish","type":"post","link":"https:\/\/ramonramon.org\/blog\/2013\/03\/12\/se-cumple-el-6o-aniversario-twitter-herramienta-de-comunicacion\/","title":{"rendered":"Se cumple el 6\u00ba aniversario: Twitter herramienta de comunicaci\u00f3n"},"content":{"rendered":"<p style=\"text-align: justify;\"><a href=\"https:\/\/www.ramonramon.org\/blog\/tag\/twitter\/\">Twitter<\/a> es hoy una de las herramientas m\u00e1s usadas de comunicaci\u00f3n, y\u00a0 no una moda o una simple \u00abfricada\u00bb m\u00e1s. Ya no solo lo usan los <strong>early adopters<\/strong>, los apasionados de las tecnolog\u00edas o alg\u00fan amigo extra\u00f1o. Y ahora es justo lo contrario, es extra\u00f1o que alg\u00fan famoso o pol\u00edtico no tenga su cuenta en twitter, o que los noticieros no basen una \u00faltima informaci\u00f3n en la cuenta personal de tal o cual futbolista, actriz,&#8230; Es decir, la <a href=\"http:\/\/es.wikipedia.org\/wiki\/Difusi%C3%B3n_de_innovaciones\">innovaci\u00f3n se populariz\u00f3<\/a> y se ha convertido en algo m\u00e1s dentro de nuestras vidas.<\/p>\n<p style=\"text-align: justify;\">Sin embargo, <a href=\"https:\/\/www.ramonramon.org\/blog\/2006\/03\/\">hace seis a\u00f1os<\/a>, uff.. en aquel entonces no se ten\u00eda idea de la revoluci\u00f3n que significar\u00eda twitter, que como por twitter estar\u00edamos a la \u00faltima de lo que ocurre en el otro lado del planeta, como por comentarios<a href=\"https:\/\/www.ramonramon.org\/blog\/wp-content\/uploads\/aniversariotwitter.png\"><img loading=\"lazy\" decoding=\"async\" class=\"wp-image-13737 alignleft\" alt=\"Twitter 6\u00ba aniversario\" src=\"https:\/\/www.ramonramon.org\/blog\/wp-content\/uploads\/aniversariotwitter.png\" width=\"305\" height=\"188\" srcset=\"https:\/\/ramonramon.org\/blog\/wp-content\/uploads\/aniversariotwitter.png 791w, https:\/\/ramonramon.org\/blog\/wp-content\/uploads\/aniversariotwitter-228x141.png 228w\" sizes=\"auto, (max-width: 305px) 100vw, 305px\" \/><\/a> desafortunados se puede hacer da\u00f1o o todo lo contrario, o como dirigentes iban a comunicarse con sus seguidores. Y casualmente hoy, hace 6 a\u00f1os que animado por mi gran y admirado amigo Juantomas me cre\u00e9 una cuenta.<\/p>\n<p style=\"text-align: justify;\">Mientras que yo andaba lanzando un nuevo proyecto con los compa\u00f1eros de Iniciativa Focus, el <a href=\"https:\/\/www.ramonramon.org\/blog\/2006\/03\/02\/nevada-en-cabra-del-santo-cristo\/\">CTAR (Centro Tecnol\u00f3gico de Alto Rendimiento) de Cabra de Santo Cristo<\/a>, organizando la <a href=\"https:\/\/www.ramonramon.org\/blog\/2006\/03\/09\/comienza-la-escuela-de-verano\/\">Escuela de Verano<\/a> o escribiendo, escuchando y disfrutando la <a href=\"https:\/\/www.ramonramon.org\/blog\/2006\/03\/10\/fabula-del-amor-y-la-locura\/\">f\u00e1bula del amor y la locura<\/a>.<\/p>\n<p style=\"text-align: justify;\">Recordando este aniversario esta pasada noche, me preguntaba que hubiese sido de mi estancia en <a href=\"https:\/\/www.ramonramon.org\/blog\/search\/label\/Irlanda\">Irlanda o Malta<\/a> si hubiese tenido twitter, seguro que me hubiese vuelto loco buscando constantemente wifi por todos lados, una conexi\u00f3n de datos,&#8230; ah&#8230; pero&#8230; espera&#8230; que en el 2006 tampoco era tan f\u00e1cil tener un smartphone con android \ud83d\ude42<\/p>\n<p style=\"text-align: justify;\"><a href=\"https:\/\/www.ramonramon.org\/blog\/2006\/03\/\">6 a\u00f1os despu\u00e9s<\/a>, solo me pregunta una cosa, \u00bfpor qu\u00e9, si estaba libre el usuario ramon, no prob\u00e9 y como en casi el resto de redes, opt\u00e9 por <a href=\"http:\/\/twitter.com\/ramonramon\">ramonramon<\/a>? \u00bffue una equivocaci\u00f3n, pues habida cuenta he perdido 5 caracteres en mi mensaje? \u00bffue un acierto porque as\u00ed mantengo la homogeneidad de mi usuario en todas las redes y herramientas?<\/p>\n<p style=\"text-align: justify;\"><img loading=\"lazy\" decoding=\"async\" class=\"wp-image-13741 alignleft\" style=\"margin-left: 2px; margin-right: 2px;\" alt=\"PeerIndex score\" src=\"https:\/\/www.ramonramon.org\/blog\/wp-content\/uploads\/PeerIndex.png\" width=\"91\" height=\"78\" srcset=\"https:\/\/ramonramon.org\/blog\/wp-content\/uploads\/PeerIndex.png 239w, https:\/\/ramonramon.org\/blog\/wp-content\/uploads\/PeerIndex-164x141.png 164w\" sizes=\"auto, (max-width: 91px) 100vw, 91px\" \/>Seg\u00fan el <a href=\"https:\/\/www.ramonramon.org\/blog\/2012\/03\/20\/el-ranking-de-la-influencia-en-twitter\/\">ranking de la influencia de twitter<\/a>, estar\u00eda catalogado como un activo o promesa, qu\u00e9 bonito suena lo de promesa, no? A ver si alg\u00fan club de futbol me ficha \ud83d\ude42 Y si miramos ya algo m\u00e1s en <a href=\"https:\/\/www.ramonramon.org\/blog\/2013\/03\/12\/se-cumple-el-6o-aniversario-twitter-herramienta-de-comunicacion\/klout\/\" rel=\"attachment wp-att-13744\"><img loading=\"lazy\" decoding=\"async\" class=\"alignright size-full wp-image-13744\" style=\"margin-left: 2px; margin-right: 2px;\" alt=\"KloutRamonRamon\" src=\"https:\/\/www.ramonramon.org\/blog\/wp-content\/uploads\/klout.png\" width=\"98\" height=\"123\" \/><\/a>serio, dos de los indicadores sociales m\u00e1s usados, creo que debo estar muy orgulloso de lo que me apoyan amigos y seguidores, pues de una u otra manera, indican que hay bastante gente que le interesa lo que digo o traslado en las redes:\u00a0 PeerIndex de 70 y un klout de 62.<\/p>\n","protected":false},"excerpt":{"rendered":"<p>Twitter es hoy una de las herramientas m\u00e1s usadas de comunicaci\u00f3n, y\u00a0 no una moda o una simple \u00abfricada\u00bb m\u00e1s. Ya no solo lo usan los early adopters, los apasionados de las tecnolog\u00edas o alg\u00fan amigo extra\u00f1o. Y ahora es justo lo contrario, es extra\u00f1o que alg\u00fan famoso o pol\u00edtico no tenga su cuenta en&hellip;&nbsp;<a href=\"https:\/\/ramonramon.org\/blog\/2013\/03\/12\/se-cumple-el-6o-aniversario-twitter-herramienta-de-comunicacion\/\" rel=\"bookmark\">Leer m\u00e1s &raquo;<span class=\"screen-reader-text\">Se cumple el 6\u00ba aniversario: Twitter herramienta de comunicaci\u00f3n<\/span><\/a><\/p>\n","protected":false},"author":2070,"featured_media":0,"comment_status":"open","ping_status":"open","sticky":false,"template":"","format":"standard","meta":{"neve_meta_sidebar":"","neve_meta_container":"","neve_meta_enable_content_width":"","neve_meta_content_width":0,"neve_meta_title_alignment":"","neve_meta_author_avatar":"","neve_post_elements_order":"","neve_meta_disable_header":"","neve_meta_disable_footer":"","neve_meta_disable_title":"","footnotes":""},"categories":[23,24],"tags":[87,2001,787],"class_list":["post-13736","post","type-post","status-publish","format-standard","hentry","category-personal","category-redes-sociales","tag-aniversario","tag-redes-sociales","tag-twitter"],"aioseo_notices":[],"_links":{"self":[{"href":"https:\/\/ramonramon.org\/blog\/wp-json\/wp\/v2\/posts\/13736","targetHints":{"allow":["GET"]}}],"collection":[{"href":"https:\/\/ramonramon.org\/blog\/wp-json\/wp\/v2\/posts"}],"about":[{"href":"https:\/\/ramonramon.org\/blog\/wp-json\/wp\/v2\/types\/post"}],"author":[{"embeddable":true,"href":"https:\/\/ramonramon.org\/blog\/wp-json\/wp\/v2\/users\/2070"}],"replies":[{"embeddable":true,"href":"https:\/\/ramonramon.org\/blog\/wp-json\/wp\/v2\/comments?post=13736"}],"version-history":[{"count":0,"href":"https:\/\/ramonramon.org\/blog\/wp-json\/wp\/v2\/posts\/13736\/revisions"}],"wp:attachment":[{"href":"https:\/\/ramonramon.org\/blog\/wp-json\/wp\/v2\/media?parent=13736"}],"wp:term":[{"taxonomy":"category","embeddable":true,"href":"https:\/\/ramonramon.org\/blog\/wp-json\/wp\/v2\/categories?post=13736"},{"taxonomy":"post_tag","embeddable":true,"href":"https:\/\/ramonramon.org\/blog\/wp-json\/wp\/v2\/tags?post=13736"}],"curies":[{"name":"wp","href":"https:\/\/api.w.org\/{rel}","templated":true}]}}