{"id":1361,"date":"2009-03-08T11:22:41","date_gmt":"2009-03-08T10:22:41","guid":{"rendered":"https:\/\/www.ramonramon.org\/blog\/?p=1361"},"modified":"2009-03-08T11:22:41","modified_gmt":"2009-03-08T10:22:41","slug":"este-finde-toca-iglesia","status":"publish","type":"post","link":"https:\/\/ramonramon.org\/blog\/2009\/03\/08\/este-finde-toca-iglesia\/","title":{"rendered":"Este finde toca Iglesia"},"content":{"rendered":"<p>Pues nada, no ten\u00eda bastante con el post de ayer:<\/p>\n<h3><a title=\"Permanent Link to Una vez m\u00e1s, la Iglesia Cat\u00f3lica da la nota\" rel=\"bookmark\" href=\"..\/2009\/03\/07\/una-vez-mas-la-iglesia-catolica-da-la-nota\/\">Una vez m\u00e1s, la Iglesia Cat\u00f3lica da la nota<\/a> y su ayuno tecnol\u00f3gico,<\/h3>\n<p>que hoy, y a sabiendas que puede parecer una rabieta, me encuentro con otro post del amigo <a href=\"http:\/\/ningunterra.com\/\">Mario Pena<\/a> que no hace m\u00e1s que reforzar mis planteamientos ante esta Iglesia caduca y contraproducente para la ciudadan\u00eda:<\/p>\n<h3><a title=\"Exijo me excomuni\u00f3n y la de todos los que pagamos impuestos\" href=\"http:\/\/ningunterra.com\/2009\/03\/08\/exijo-me-excomunion-y-la-de-todos-los-que-pagamos-impuestos\/\">Exijo me excomuni\u00f3n y la de todos los que pagamos impuestos<\/a><\/h3>\n","protected":false},"excerpt":{"rendered":"<p>Pues nada, no ten\u00eda bastante con el post de ayer: Una vez m\u00e1s, la Iglesia Cat\u00f3lica da la nota y su ayuno tecnol\u00f3gico, que hoy, y a sabiendas que puede parecer una rabieta, me encuentro con otro post del amigo Mario Pena que no hace m\u00e1s que reforzar mis planteamientos ante esta Iglesia caduca y&hellip;&nbsp;<a href=\"https:\/\/ramonramon.org\/blog\/2009\/03\/08\/este-finde-toca-iglesia\/\" rel=\"bookmark\">Leer m\u00e1s &raquo;<span class=\"screen-reader-text\">Este finde toca Iglesia<\/span><\/a><\/p>\n","protected":false},"author":2070,"featured_media":0,"comment_status":"open","ping_status":"open","sticky":false,"template":"","format":"standard","meta":{"neve_meta_sidebar":"","neve_meta_container":"","neve_meta_enable_content_width":"","neve_meta_content_width":0,"neve_meta_title_alignment":"","neve_meta_author_avatar":"","neve_post_elements_order":"","neve_meta_disable_header":"","neve_meta_disable_footer":"","neve_meta_disable_title":"","footnotes":""},"categories":[23],"tags":[445],"class_list":["post-1361","post","type-post","status-publish","format-standard","hentry","category-personal","tag-iglesia-catolica"],"aioseo_notices":[],"_links":{"self":[{"href":"https:\/\/ramonramon.org\/blog\/wp-json\/wp\/v2\/posts\/1361","targetHints":{"allow":["GET"]}}],"collection":[{"href":"https:\/\/ramonramon.org\/blog\/wp-json\/wp\/v2\/posts"}],"about":[{"href":"https:\/\/ramonramon.org\/blog\/wp-json\/wp\/v2\/types\/post"}],"author":[{"embeddable":true,"href":"https:\/\/ramonramon.org\/blog\/wp-json\/wp\/v2\/users\/2070"}],"replies":[{"embeddable":true,"href":"https:\/\/ramonramon.org\/blog\/wp-json\/wp\/v2\/comments?post=1361"}],"version-history":[{"count":0,"href":"https:\/\/ramonramon.org\/blog\/wp-json\/wp\/v2\/posts\/1361\/revisions"}],"wp:attachment":[{"href":"https:\/\/ramonramon.org\/blog\/wp-json\/wp\/v2\/media?parent=1361"}],"wp:term":[{"taxonomy":"category","embeddable":true,"href":"https:\/\/ramonramon.org\/blog\/wp-json\/wp\/v2\/categories?post=1361"},{"taxonomy":"post_tag","embeddable":true,"href":"https:\/\/ramonramon.org\/blog\/wp-json\/wp\/v2\/tags?post=1361"}],"curies":[{"name":"wp","href":"https:\/\/api.w.org\/{rel}","templated":true}]}}