{"id":12035,"date":"2013-02-22T13:17:45","date_gmt":"2013-02-22T12:17:45","guid":{"rendered":"https:\/\/www.ramonramon.org\/blog\/?p=12035"},"modified":"2013-02-22T11:33:31","modified_gmt":"2013-02-22T10:33:31","slug":"politico-2-0","status":"publish","type":"post","link":"https:\/\/ramonramon.org\/blog\/2013\/02\/22\/politico-2-0\/","title":{"rendered":"Pol\u00edtico 2.0"},"content":{"rendered":"<p>Siendo las <a href=\"https:\/\/www.ramonramon.org\/blog\/tag\/redes-sociales\/\">redes sociales<\/a> uno de los temas que m\u00e1s me apasiona, comprobar la utilizaci\u00f3n que de las mismas realizan muchos pol\u00edticos, instituciones, gobiernos,&#8230; es un tema recurrente en este blog que <a href=\"https:\/\/www.ramonramon.org\/blog\/?s=redes+sociales+y+pol%C3%ADtic\">suelo abordar con cierta frecuencia<\/a>.<\/p>\n<p style=\"text-align: justify;\"><a href=\"https:\/\/www.ramonramon.org\/blog\/wp-content\/uploads\/politoco20.jpg\"><img loading=\"lazy\" decoding=\"async\" class=\"aligncenter  wp-image-12036\" alt=\"Pol\u00edticos y Redes Sociales\" src=\"https:\/\/www.ramonramon.org\/blog\/wp-content\/uploads\/politoco20.jpg\" width=\"550\" height=\"651\" srcset=\"https:\/\/ramonramon.org\/blog\/wp-content\/uploads\/politoco20.jpg 917w, https:\/\/ramonramon.org\/blog\/wp-content\/uploads\/politoco20-119x141.jpg 119w\" sizes=\"auto, (max-width: 550px) 100vw, 550px\" \/><\/a>Hace varios meses me encontr\u00e9 con esta magn\u00edfica infograf\u00eda del pol\u00edtico 2.0 que resume perfectamente algunos de los principales consejos que, ya no solo cualquier pol\u00edtico, sino tambi\u00e9n cualquier responsable (privado o p\u00fablico), ejecutivo, entidad o corporaci\u00f3n puede de una u otra manera seguir.<\/p>\n<p style=\"text-align: justify;\">Me temo que no puedo citar la fuente porque cuando lo descargu\u00e9 se me pas\u00f3 anotarla. A\u00fan as\u00ed, parece que su autor es el experto <a href=\"http:\/\/cafetaipa.com\/\">Milton Vela de Caf\u00e9 Taip\u00e1<\/a>.<\/p>\n<p style=\"text-align: justify;\">\n","protected":false},"excerpt":{"rendered":"<p>Siendo las redes sociales uno de los temas que m\u00e1s me apasiona, comprobar la utilizaci\u00f3n que de las mismas realizan muchos pol\u00edticos, instituciones, gobiernos,&#8230; es un tema recurrente en este blog que suelo abordar con cierta frecuencia. Hace varios meses me encontr\u00e9 con esta magn\u00edfica infograf\u00eda del pol\u00edtico 2.0 que resume perfectamente algunos de los&hellip;&nbsp;<a href=\"https:\/\/ramonramon.org\/blog\/2013\/02\/22\/politico-2-0\/\" rel=\"bookmark\">Leer m\u00e1s &raquo;<span class=\"screen-reader-text\">Pol\u00edtico 2.0<\/span><\/a><\/p>\n","protected":false},"author":2070,"featured_media":0,"comment_status":"open","ping_status":"open","sticky":false,"template":"","format":"standard","meta":{"neve_meta_sidebar":"","neve_meta_container":"","neve_meta_enable_content_width":"","neve_meta_content_width":0,"neve_meta_title_alignment":"","neve_meta_author_avatar":"","neve_post_elements_order":"","neve_meta_disable_header":"","neve_meta_disable_footer":"","neve_meta_disable_title":"","footnotes":""},"categories":[24],"tags":[848,660,2001],"class_list":["post-12035","post","type-post","status-publish","format-standard","hentry","category-redes-sociales","tag-politica-2-0","tag-politica-y-redes-sociales","tag-redes-sociales"],"aioseo_notices":[],"_links":{"self":[{"href":"https:\/\/ramonramon.org\/blog\/wp-json\/wp\/v2\/posts\/12035","targetHints":{"allow":["GET"]}}],"collection":[{"href":"https:\/\/ramonramon.org\/blog\/wp-json\/wp\/v2\/posts"}],"about":[{"href":"https:\/\/ramonramon.org\/blog\/wp-json\/wp\/v2\/types\/post"}],"author":[{"embeddable":true,"href":"https:\/\/ramonramon.org\/blog\/wp-json\/wp\/v2\/users\/2070"}],"replies":[{"embeddable":true,"href":"https:\/\/ramonramon.org\/blog\/wp-json\/wp\/v2\/comments?post=12035"}],"version-history":[{"count":0,"href":"https:\/\/ramonramon.org\/blog\/wp-json\/wp\/v2\/posts\/12035\/revisions"}],"wp:attachment":[{"href":"https:\/\/ramonramon.org\/blog\/wp-json\/wp\/v2\/media?parent=12035"}],"wp:term":[{"taxonomy":"category","embeddable":true,"href":"https:\/\/ramonramon.org\/blog\/wp-json\/wp\/v2\/categories?post=12035"},{"taxonomy":"post_tag","embeddable":true,"href":"https:\/\/ramonramon.org\/blog\/wp-json\/wp\/v2\/tags?post=12035"}],"curies":[{"name":"wp","href":"https:\/\/api.w.org\/{rel}","templated":true}]}}