{"id":11770,"date":"2013-02-04T17:48:48","date_gmt":"2013-02-04T16:48:48","guid":{"rendered":"https:\/\/www.ramonramon.org\/blog\/?p=11770"},"modified":"2020-03-22T13:38:56","modified_gmt":"2020-03-22T12:38:56","slug":"el-duro-camino-de-los-autonomos","status":"publish","type":"post","link":"https:\/\/ramonramon.org\/blog\/2013\/02\/04\/el-duro-camino-de-los-autonomos\/","title":{"rendered":"El duro camino de los aut\u00f3nomos"},"content":{"rendered":"<p style=\"text-align: justify;\">Hace unos d\u00edas que el amigo Juli\u00e1n Casas, tras el intercambio de algunos tuits y <a href=\"https:\/\/www.ramonramon.org\/blog\/?s=emprender\">post<\/a>, entre los que dec\u00eda que abandonaba el duro camino del aut\u00f3nomo, me lanz\u00f3 una pregunta \u00ab<em><strong>\u00bfqu\u00e9 podemos hacer como sociedad para que un aut\u00f3nomo<\/strong> como Ram\u00f3n Ram\u00f3n siga ah\u00ed y <strong>no tire la toalla?<\/strong><\/em>\u00bb y yo que acept\u00e9 el ofrecimiento.\u00a0 Aqu\u00ed mi respuesta.<\/p>\n<p style=\"text-align: justify;\">Dif\u00edcil dar una r\u00e1pida y \u00fanica respuesta a esa pregunta, \u00bfrealmente es la sociedad la culpable? \u00bfson nuestros gobernantes? \u00bflas desfasadas normativas y leyes vigentes? \u00bfla atenci\u00f3n de las administraciones p\u00fablicas y sus funcionarios?&#8230; Lo que si es cierto, y coincido al 100% con pymesyaut\u00f3nomos, es que <a href=\"http:\/\/www.pymesyautonomos.com\/actualidad\/es-muy-caro-ser-autonomo-en-espana\">en Espa\u00f1a es muy caro emprender<\/a>, pero es que adem\u00e1s las trabas lo complican todo a\u00fan m\u00e1s.<\/p>\n<p style=\"text-align: justify;\"><a href=\"https:\/\/www.ramonramon.org\/blog\/wp-content\/uploads\/autonomo_paro.jpg\"><img loading=\"lazy\" decoding=\"async\" class=\"aligncenter size-full wp-image-11832\" alt=\"Duro camino aut\u00f3nomos\" src=\"https:\/\/www.ramonramon.org\/blog\/wp-content\/uploads\/autonomo_paro.jpg\" width=\"560\" height=\"280\" srcset=\"https:\/\/ramonramon.org\/blog\/wp-content\/uploads\/autonomo_paro.jpg 560w, https:\/\/ramonramon.org\/blog\/wp-content\/uploads\/autonomo_paro-250x125.jpg 250w\" sizes=\"auto, (max-width: 560px) 100vw, 560px\" \/><\/a><\/p>\n<style type=\"text\/css\"><!--\n@page { margin: 2cm } \t\tP { margin-bottom: 0.21cm } \t\tA:link { so-language: zxx }\n--><\/style>\n<p style=\"text-align: justify;\">Realmente creo que hay una culpabilidad compartida, por un lado nuestros gobernantes que, una vez m\u00e1s, nos demuestran que viven a otro ritmo o velocidad, y por m\u00e1s que existan desgracias familiares, algunas en los medios, ellos siguen sin dar una respuesta acorde. Las normativas y reglamentaciones caducas que no hacen m\u00e1s que complicar cualquier idea o ilusi\u00f3n. La existencia de ciento y un programas p\u00fablicos, m\u00e1s sus correspondientes anuncios medi\u00e1ticos, de apoyo al emprendimiento dirigidos por personas que desconocen que es emprender. Y los mil y un impedimentos \u201cburrocr\u00e1ticos\u201d que se deben cumplir, o lo que es lo mismo, como <a href=\"https:\/\/www.ramonramon.org\/blog\/2012\/11\/30\/asi-no-hay-quien-emprenda-en-espana\/\">desanimar al emprendimiento en Espa\u00f1a<\/a> por m\u00e1s jornadas, talleres, congresos, etc. que nos organicen <strong>para nosotras pero sin nosotras. <\/strong>Esas numerosas trabas burocr\u00e1ticas y la falta de empat\u00eda de la administraci\u00f3n en su conjunto, porque realmente he encontrado a grades profesionales p\u00fablicos que te ayudan y te facilitan tus tr\u00e1mites, te aclaran tus dudas, intentan ayudarte, \u2026 pero, en cuantas ocasiones no te encuentras de frente con la \u201cburrocracia de la administraci\u00f3n\u201d, incluso que te soliciten documentos de los que ya disponen o es imposible que tu puedas poseer, \u2026 y ni que contar como tu caso sea un poco distinto al del resto, entonces&#8230; amigo m\u00edo vete preparando.<\/p>\n<p style=\"text-align: justify;\">Pero creo que otro factor muy importante es la actual situaci\u00f3n social que nos encontramos. En la actual crisis de valores que vivimos, en esta sociedad de la desesperanza, todo vale o todo puede ocurrirte y es muy f\u00e1cil justificarlo todo, simplemente se emplea una palabra <a href=\"https:\/\/www.ramonramon.org\/blog\/page\/2\/?s=crisis\"><strong>\u201ccrisis\u201d<\/strong><\/a>. Esta palabreja que a diario escuchamos un mont\u00f3n de veces, sirve para justificar que se eche a la gente a la calle, aunque haya beneficios, que se alarguen los plazos de pago y cobro, aunque exista liquidez, que las cosas pierdan o incrementen su valor a discreci\u00f3n, etc.<br \/>\nY ahora llega una nueva medida, para muchos tarde, \u201ctarifa plana a 50 \u20ac\u201d, y con eso quieren solucionarlo todo. \u00bfDe veras que recortar las cotizaciones de casi 300 \u20ac a 50 \u20ac es la soluci\u00f3n? Lo primero que muchos ya han planteado es que ahora a los j\u00f3venes las empresas r\u00e1pidamente les dir\u00e1n que se hagan aut\u00f3nomos de 50 \u20ac, que as\u00ed es mucho mejor para todos, pero es que encima se \u201colvidan\u201d de muchos detalles, entre otros que esta medida est\u00e1 limitada a ciertas personas, que adem\u00e1s junto a las cotizaciones hay otra serie de gastos, el primero una gestor\u00eda, el segundo los impuestos, tasas, recargos, tributos,&#8230;. por no hablar que si emites factura, independientemente que la cobres o no, debes adelantar el IVA, etc.<\/p>\n<p style=\"text-align: justify;\">\u00bfRealmente es tan dif\u00edcil copiar <a href=\"http:\/\/www.pymesyautonomos.com\/vocacion-de-empresa\/una-interesante-comparativa-entre-los-retos-de-emprender-en-espana-y-en-europa\">modelos de otros pa\u00edses que funcionan<\/a>? \u00bfNo ser\u00eda m\u00e1s sencillo que al igual que en otros muchos pa\u00edses, no sea necesario pagar nada, ni impuestos, ni tr\u00e1mites, ni cotizaciones,&#8230; hasta que realmente est\u00e9s generando beneficios o pases de un determinado tope de facturaci\u00f3n? E igual de importante, \u00bfeliminar numeros\u00edsimas trabas que solo nos obligan a gastar tiempo, dinero, &#8230; complicaciones extras, etc.?<\/p>\n<p style=\"text-align: justify;\">No, aqu\u00ed, desde el minuto uno tienes que darte de alta, realizar una serie de tr\u00e1mites o papeleos, que en muchas ocasiones o inviertes un mont\u00f3n de tiempo o te buscas un profesional que te ayude; cada 3 meses, a realizar la confecci\u00f3n, y en el mejor de los casos, pago o solicitud de devoluci\u00f3n, de diferentes formularios (de los que, debes ocuparte una vez m\u00e1s, o bien pagar a un profesional), y mes tras mes m\u00e1s de 300 \u20ac entre cotizaci\u00f3n y gestor\u00eda, que en caso de que tengas que sumar local u otros medios puede alcanzar los mil euros o superarlos (y si, hablamos de un aut\u00f3nomo, \u00bfimagin\u00e1is?)<\/p>\n<p style=\"text-align: justify;\">Lo que no cabe en ning\u00fan planteamiento m\u00e1s o menos sensato es abonar de forma regular m\u00e1s de 350 \u20ac (a aquellos afortunados que reduzcan sus costes al m\u00ednimo) por si alg\u00fan d\u00eda surge la oportunidad de facturar, mientras seguimos escuchando mensajes de que hay que emprender, los ciento y un <a href=\"https:\/\/www.ramonramon.org\/blog\/2012\/02\/06\/asi-no-se-transfiere-ni-se-innova-solo-se-gasta\/\">congresos-seminarios-jornadas-\u2026 \u201csaraos\u201d para \u201cte\u00f3ricamente\u201d<\/a> fomentar y ayudar al emprendimiento, aunque al final siempre asisten los mismos funcionarios y t\u00e9cnicos, cargos pol\u00edticos, etc.<\/p>\n<p style=\"text-align: justify;\">Una vez m\u00e1s, una serie de reflexiones compartidas por tantas y tantas personas en las calles. \u00bfPara cu\u00e1ndo copiar de otros pa\u00edses y una verdadera pol\u00edtica de ayuda y fomento de creaci\u00f3n de empresas? \u00bfPara cu\u00e1ndo se dejar\u00e1 de despilfarrar en mil y un congresitos y se dedican a apoyar a la creaci\u00f3n de empresas? \u00bfPara cu\u00e1ndo evitamos la tediosa legislaci\u00f3n y <a href=\"https:\/\/www.ramonramon.org\/blog\/2012\/03\/29\/facilitar-los-tramites-para-crear-un-empresa\/\">se facilitan los tr\u00e1mites de creaci\u00f3n y mantenimiento<\/a>?<\/p>\n<p style=\"text-align: justify;\">Por si fuera poco, los \u00fanicos mensajes que recibimos son justamente lo contrario, <a href=\"http:\/\/www.infoautonomos.com\/blog\/las-retenciones-de-los-profesionales-autonomos-suben-al-21\/\">se incrementa las retenciones de los aut\u00f3nomos del 15 al 21%<\/a> , se aumentan los impuestos, la fiscalidad,\u2026 se sigue destruyendo empleo, negocio, se sigue prefiriendo contratar a empresas externas, el pago de royalties a multinacionales extranjeras,&#8230;<\/p>\n<p style=\"text-align: justify;\">\u00bfHasta cu\u00e1ndo? Seguimos viendo grandes licitaciones, con grandes cantidades econ\u00f3micas a las que solo pueden acceder las grandes y aunque algunos peque\u00f1os se junten, en la mayor\u00eda de ocasiones, tanto el pol\u00edtico como el responsable pol\u00edtico apostar\u00e1 por la gran marca, mucho m\u00e1s costosa y de menor calidad normalmente pero que <a href=\"https:\/\/www.ramonramon.org\/blog\/2012\/09\/12\/necesidad-de-lideres-valientes-para-acabar-con-la-sociedad-de-la-crisis\/\">le aporta una mayor tranquilidad<\/a>.<\/p>\n<p style=\"text-align: justify;\">Si sumamos esta Sociedad, a que vivimos en mundos y realidades distintas a las de nuestros gobernantes, que en muchas ocasiones nos encontramos con que las personas que deben dar ejemplo hacen todo lo contrario, con que los cambios son muy lentos y en ocasiones desafortunados, etc. etc. lo cierto es que la cosa no pinta nada bien. O surgen l\u00edderes valientes y honestos que lideren el cambio tan necesario o <strong>de la crisis de la desesperanza pasaremos a la crisis de la soledad<\/strong>.<\/p>\n<p style=\"text-align: justify;\">Sigo sin comprenderlo, seguimos estancados en <a href=\"https:\/\/www.ramonramon.org\/blog\/2009\/11\/24\/el-nuevo-plan-e-ladrillo-o-innovacion\/\">la Espa\u00f1a del ladrillo<\/a>,\u00a0 y todo lo nuevo, toda nueva oportunidad es constantemente desterrada, apartada,\u2026 acusando a sus propulsores de visionarios, raros,\u2026 o lo que es peor, de lun\u00e1ticos. A todo emprendedor se le dificultan los tr\u00e1mites, se le impide intentarlo, se le anima a que medite ciento y una vez, &#8230;<\/p>\n<p style=\"text-align: justify;\">Necesitamos compartir creaci\u00f3n, ideas, .. necesitamos defender y promover el talento,\u2026 necesitamos innovaci\u00f3n frente a tradici\u00f3n,\u2026 necesitamos m\u00e1s Einstein: \u201c<strong><span style=\"color: #800000;\">La verdadera crisis es la crisis de la incompetencia<\/span>\u201d.<\/strong><\/p>\n","protected":false},"excerpt":{"rendered":"<p>Hace unos d\u00edas que el amigo Juli\u00e1n Casas, tras el intercambio de algunos tuits y post, entre los que dec\u00eda que abandonaba el duro camino del aut\u00f3nomo, me lanz\u00f3 una pregunta \u00ab\u00bfqu\u00e9 podemos hacer como sociedad para que un aut\u00f3nomo como Ram\u00f3n Ram\u00f3n siga ah\u00ed y no tire la toalla?\u00bb y yo que acept\u00e9 el&hellip;&nbsp;<a href=\"https:\/\/ramonramon.org\/blog\/2013\/02\/04\/el-duro-camino-de-los-autonomos\/\" rel=\"bookmark\">Leer m\u00e1s &raquo;<span class=\"screen-reader-text\">El duro camino de los aut\u00f3nomos<\/span><\/a><\/p>\n","protected":false},"author":2070,"featured_media":0,"comment_status":"open","ping_status":"open","sticky":false,"template":"","format":"standard","meta":{"neve_meta_sidebar":"","neve_meta_container":"","neve_meta_enable_content_width":"","neve_meta_content_width":0,"neve_meta_title_alignment":"","neve_meta_author_avatar":"","neve_post_elements_order":"","neve_meta_disable_header":"","neve_meta_disable_footer":"","neve_meta_disable_title":"","footnotes":""},"categories":[3,9],"tags":[1603,1993,329,1696,1697],"class_list":["post-11770","post","type-post","status-publish","format-standard","hentry","category-administraciones-publicas","category-empleo","tag-autonomo","tag-empleo","tag-emprendedores","tag-emprender","tag-emprendimiento"],"aioseo_notices":[],"_links":{"self":[{"href":"https:\/\/ramonramon.org\/blog\/wp-json\/wp\/v2\/posts\/11770","targetHints":{"allow":["GET"]}}],"collection":[{"href":"https:\/\/ramonramon.org\/blog\/wp-json\/wp\/v2\/posts"}],"about":[{"href":"https:\/\/ramonramon.org\/blog\/wp-json\/wp\/v2\/types\/post"}],"author":[{"embeddable":true,"href":"https:\/\/ramonramon.org\/blog\/wp-json\/wp\/v2\/users\/2070"}],"replies":[{"embeddable":true,"href":"https:\/\/ramonramon.org\/blog\/wp-json\/wp\/v2\/comments?post=11770"}],"version-history":[{"count":0,"href":"https:\/\/ramonramon.org\/blog\/wp-json\/wp\/v2\/posts\/11770\/revisions"}],"wp:attachment":[{"href":"https:\/\/ramonramon.org\/blog\/wp-json\/wp\/v2\/media?parent=11770"}],"wp:term":[{"taxonomy":"category","embeddable":true,"href":"https:\/\/ramonramon.org\/blog\/wp-json\/wp\/v2\/categories?post=11770"},{"taxonomy":"post_tag","embeddable":true,"href":"https:\/\/ramonramon.org\/blog\/wp-json\/wp\/v2\/tags?post=11770"}],"curies":[{"name":"wp","href":"https:\/\/api.w.org\/{rel}","templated":true}]}}