{"id":11164,"date":"2012-11-26T11:56:45","date_gmt":"2012-11-26T10:56:45","guid":{"rendered":"https:\/\/www.ramonramon.org\/blog\/?p=11164"},"modified":"2021-09-16T19:02:07","modified_gmt":"2021-09-16T17:02:07","slug":"senadores-no-hay-derecho","status":"publish","type":"post","link":"https:\/\/ramonramon.org\/blog\/2012\/11\/26\/senadores-no-hay-derecho\/","title":{"rendered":"\u00a1Senadores, no hay derecho!"},"content":{"rendered":"<p style=\"text-align: justify;\">Por m\u00e1s que se intente justificar, lo de la web del Senado es un esc\u00e1ndalo, y as\u00ed lo demuestran <a href=\"https:\/\/www.google.es\/search?client=ubuntu&amp;channel=fs&amp;q=500000+euros+en+la+web+del+senado&amp;ie=utf-8&amp;oe=utf-8&amp;redir_esc=&amp;ei=yiSzUN_rJsPT0QWl8YDYCQ\">los cientos de art\u00edculos, cr\u00edticas, tuits, comentarios,&#8230; que se encuentran en internet<\/a>. <strong>\u00a1No hay derecho!<\/strong> Confirma y demuestra la distancia que existe entre la clase pol\u00edtica y la Sociedad espa\u00f1ola, entre los altos funcionarios de las administraciones p\u00fablicas y las necesidades que d\u00eda a d\u00eda viven nuestras empresas, ciudadanas, familias, hogares,&#8230; <a href=\"https:\/\/www.ramonramon.org\/blog\/2012\/11\/07\/ahora-es-el-senado-el-que-desprecia-la-realidad-en-la-que-esta-sumergida-la-ciudadania\/\">el desprecio a la gesti\u00f3n eficiente y a la ciudadan\u00eda<\/a>.<\/p>\n<p style=\"text-align: justify;\">Todos <a href=\"http:\/\/www.google.es\/url?sa=t&amp;rct=j&amp;q=&amp;esrc=s&amp;source=web&amp;cd=4&amp;cad=rja&amp;ved=0CEYQFjAD&amp;url=http%3A%2F%2Fwww.abc.es%2F20121113%2Fmedios-redes%2Fabci-senado-criticas-201211131252.html&amp;ei=gimzUN_7EoKx0AWt7YHoDg&amp;usg=AFQjCNGkNWJY7Z61vHo3H0wCphh3Jm-nxA\">los expertos dejaron muy claro que casi 500.000 \u20ac<\/a> por una web es no vivir en la realidad, por no hablar que el mismo d\u00eda de la presentaci\u00f3n la web fuera un rid\u00edculo por los fallos que presenta, y que a\u00fan mantiene, como que no cumpla ni con accesibilidad, el resto de fiascos, etc.\u00a0 <a href=\"http:\/\/ecodiario.eleconomista.es\/interstitial\/volver\/orangesubv\/politica\/noticias\/4391071\/11\/12\/La-nueva-web-que-ha-costado-437000-euros-al-Senado-se-cae-en-su-dia-de-estreno.html\">La nueva web del Senado se cae en su d\u00eda de estreno <strong>pese a haber costado 437.000 euros<\/strong><\/a>.<\/p>\n<p style=\"text-align: justify;\">Pero lo m\u00e1s indignante es la comprobaci\u00f3n del <strong>fraude a la ciudadan\u00eda<\/strong>, porque no se puede llamar de otra manera, y que ahora queda demostrado por el trabajo de una sola persona: Una semana de trabajo y cero euros en una web similar \u00bfDe veras que hay derecho a esto? \u00bfNo hay ning\u00fan responsable pol\u00edtico o partido que tenga la valent\u00eda o verg\u00fcenza de preocuparse por los derechos de la ciudadan\u00eda?\u00a0 La noticia ha recorrido como la p\u00f3lvora, ya no solo en blogs y redes, sino en la prensa tradicional: <a href=\"http:\/\/www.20minutos.es\/noticia\/1656388\/0\/ingeniero\/clon\/web-del-senado\/\">Un ingeniero crea un clon de la web del Senado sin gastar un euro en licencias<\/a>.\u00a0 A\u00fan as\u00ed, seguimos sin escuchar a ning\u00fan responsable que diga nada, total, es dinero p\u00fablico y por lo tanto el de todos y el de nadie.<\/p>\n<p style=\"text-align: justify;\">Y ya no entro, como tambi\u00e9n se viene cuestionando desde hace mucho, en la cuesti\u00f3n de fondo: \u00bfQu\u00e9 es y para qu\u00e9 sirve el Senado? \u00bfEs prescindible la cantidad de dinero p\u00fablico que se invierte en esta instituci\u00f3n sin apenas atribuciones y que no existe en otros muchos pa\u00edses?\u00a0 Si preguntamos a la mayor\u00eda de espa\u00f1oles te dir\u00e1n que no tienen ni idea para que sirve esta instituci\u00f3n, comenzando por un servidor.<\/p>\n<p style=\"text-align: justify;\">Lo peor es que no encuentro respuesta a mis anteriores preguntas, no encontrar a ning\u00fan responsable pol\u00edtico, o al menos no he tenido constancia de ello, que salga a pedir responsabilidades por este nuevo caso de despilfarro y desprecio a la ciudadan\u00eda, a la que se pide esfuerzos, paciencia, &#8230; mientras se permite este completo desprop\u00f3sito y todos dan palmas: Los senadores, satisfechos con el medio mill\u00f3n de euros que ha costado la renovaci\u00f3n de su web.<\/p>\n<p style=\"text-align: justify;\">Solo los senadores han defendido la web, es m\u00e1s, expertos de todo tipo han declarado de forma explicativa y detallada que lo del <a href=\"http:\/\/www.20minutos.es\/noticia\/1645800\/0\/pagina-web\/senado\/euros\/\">precio de la web no es excesivo, es escandaloso<\/a>, m\u00e1s tras comprobar los diferentes errores, problemas, &#8230; \u00bfde verdad que no hay nadie que se preocupe por la ciudadan\u00eda y el control del <a href=\"https:\/\/www.ramonramon.org\/blog\/?s=despilfarro\">despilfarro<\/a> del dinero p\u00fablico en el Senado?<\/p>\n","protected":false},"excerpt":{"rendered":"<p>Por m\u00e1s que se intente justificar, lo de la web del Senado es un esc\u00e1ndalo, y as\u00ed lo demuestran los cientos de art\u00edculos, cr\u00edticas, tuits, comentarios,&#8230; que se encuentran en internet. \u00a1No hay derecho! Confirma y demuestra la distancia que existe entre la clase pol\u00edtica y la Sociedad espa\u00f1ola, entre los altos funcionarios de las&hellip;&nbsp;<a href=\"https:\/\/ramonramon.org\/blog\/2012\/11\/26\/senadores-no-hay-derecho\/\" rel=\"bookmark\">Leer m\u00e1s &raquo;<span class=\"screen-reader-text\">\u00a1Senadores, no hay derecho!<\/span><\/a><\/p>\n","protected":false},"author":2070,"featured_media":0,"comment_status":"open","ping_status":"open","sticky":false,"template":"","format":"standard","meta":{"neve_meta_sidebar":"","neve_meta_container":"","neve_meta_enable_content_width":"","neve_meta_content_width":0,"neve_meta_title_alignment":"","neve_meta_author_avatar":"","neve_post_elements_order":"","neve_meta_disable_header":"","neve_meta_disable_footer":"","neve_meta_disable_title":"","footnotes":""},"categories":[3],"tags":[273],"class_list":["post-11164","post","type-post","status-publish","format-standard","hentry","category-administraciones-publicas","tag-despilfarro"],"aioseo_notices":[],"_links":{"self":[{"href":"https:\/\/ramonramon.org\/blog\/wp-json\/wp\/v2\/posts\/11164","targetHints":{"allow":["GET"]}}],"collection":[{"href":"https:\/\/ramonramon.org\/blog\/wp-json\/wp\/v2\/posts"}],"about":[{"href":"https:\/\/ramonramon.org\/blog\/wp-json\/wp\/v2\/types\/post"}],"author":[{"embeddable":true,"href":"https:\/\/ramonramon.org\/blog\/wp-json\/wp\/v2\/users\/2070"}],"replies":[{"embeddable":true,"href":"https:\/\/ramonramon.org\/blog\/wp-json\/wp\/v2\/comments?post=11164"}],"version-history":[{"count":0,"href":"https:\/\/ramonramon.org\/blog\/wp-json\/wp\/v2\/posts\/11164\/revisions"}],"wp:attachment":[{"href":"https:\/\/ramonramon.org\/blog\/wp-json\/wp\/v2\/media?parent=11164"}],"wp:term":[{"taxonomy":"category","embeddable":true,"href":"https:\/\/ramonramon.org\/blog\/wp-json\/wp\/v2\/categories?post=11164"},{"taxonomy":"post_tag","embeddable":true,"href":"https:\/\/ramonramon.org\/blog\/wp-json\/wp\/v2\/tags?post=11164"}],"curies":[{"name":"wp","href":"https:\/\/api.w.org\/{rel}","templated":true}]}}