{"id":10990,"date":"2012-11-07T17:00:11","date_gmt":"2012-11-07T16:00:11","guid":{"rendered":"https:\/\/www.ramonramon.org\/blog\/?p=10990"},"modified":"2020-03-22T13:58:19","modified_gmt":"2020-03-22T12:58:19","slug":"ahora-es-el-senado-el-que-desprecia-la-realidad-en-la-que-esta-sumergida-la-ciudadania","status":"publish","type":"post","link":"https:\/\/ramonramon.org\/blog\/2012\/11\/07\/ahora-es-el-senado-el-que-desprecia-la-realidad-en-la-que-esta-sumergida-la-ciudadania\/","title":{"rendered":"Ahora es el Senado el que desprecia la realidad en la que est\u00e1 sumergida la ciudadan\u00eda"},"content":{"rendered":"<p>Un nuevo caso de desprecio y desconexi\u00f3n con la realidad de nuestros responsables pol\u00edticos y t\u00e9cnicos, 500.000 \u20ac por unos servicios que apenas ser\u00e1n usados, pues es tal <a href=\"https:\/\/www.ramonramon.org\/blog\/2011\/02\/25\/gobierno-abierto-y-participativo-su-actual-divorcio\/\">el divorcio entre la clase pol\u00edtica y la ciudadan\u00eda<\/a> que no consiguen que se participe en las diferentes plataformas de participaci\u00f3n ciudadana que se crean o inventan. Pero lo que es peor, que podr\u00eda haber costado 100.000 \u20ac.<\/p>\n<p>Cada vez que se presenta un nuevo servicio tecnol\u00f3gico, me pregunto lo mismo: \u00bfDe veras ser\u00e1 utilizado por la ciudadan\u00eda? \u00bfNo ser\u00e1 un nuevo invento medi\u00e1tico de \u00abpan y circo\u00bb?, pero sobre todo, \u00bfcu\u00e1nto habr\u00eda costado si lo hubieran hecho empresas con software libre y profesionales del pa\u00eds?\u00a0 En este caso, El Mundo y su art\u00edculo <a href=\"http:\/\/www.elmundo.es\/elmundo\/2012\/11\/06\/navegante\/1352201162.html\">Por qu\u00e9 cuesta casi medio mill\u00f3n de euros la renovaci\u00f3n web del Senado<\/a>, nos da la respuesta, un ahorro que avergonzar\u00eda a los responsables de la decisi\u00f3n si tuvieran verg\u00fcenza y realmente estuvieran pasando por la grave situaci\u00f3n que pasan muchas personas en este y otros muchos pa\u00edses.<\/p>\n<p>\u00bfDe veras que no hay nadie que pueda frenar este desprop\u00f3sito constante? Personas, familias, negocios, ilusiones,&#8230; en la calle, sin nada incluso que comer y una tras otra seguimos escuchando como se sigue tirando el dinero p\u00fablico.<\/p>\n<p>Algunos de los datos que recoge la publicaci\u00f3n son para &#8230;..<\/p>\n<blockquote>\n<ul>\n<li>Casi la mitad del gasto va a licencias del buscador y del editor contenidos<\/li>\n<li><strong>coste real no deber\u00eda haber pasado de 100.000 euros<\/strong><\/li>\n<li><strong>\u00ab<\/strong>los mejores buscadores son hoy en d\u00eda de &#8216;software&#8217; libre -Lucene y Sphinx-, as\u00ed que el coste de la implantaci\u00f3n de un buen sistema de b\u00fasquedas tan solo deber\u00eda incluir la correcta configuraci\u00f3n de ambos programas<\/li>\n<li>la web no cumple los requisitos de accesibilidad\u00bb<\/li>\n<\/ul>\n<\/blockquote>\n<p>Como convencido de que las tecnolog\u00edas pueden ayudar a mejorar los servicios para la ciudadan\u00eda, la transparencia pol\u00edtica, la comunicaci\u00f3n, la formaci\u00f3n, &#8230; siempre estar\u00e9 a favor de la modernizaci\u00f3n y del empleo de TICs en los servicios p\u00fablicos, pero debe realizarse con un plan, con un <strong>objetivo claro de usar de la forma m\u00e1s eficiente los recursos<\/strong> <strong>p\u00fablicos<\/strong>, y no por caprichos, modas o intereses ocultos.<\/p>\n<p>300.000 o 400.000 \u20ac, habr\u00edan ayudado a muchas empresas, a muchas familias, a muchos hogares, &#8230; o en su defecto se podr\u00edan haber invertido en nuevos servicios, prestaciones, etc. sin embargo, volvieron a preferir despilfarrarlos demostrando la completa desconexi\u00f3n existente entre los altos cargos p\u00fablicos (t\u00e9cnicos y pol\u00edticos, pues en este caso creo la culpa es compartida, entre los t\u00e9cnicos que prefieren decantarse por soluciones m\u00e1s comerciales y que pueden tener m\u00e1s intereses ocultos y los pol\u00edticos por no vigilar que se cumpla con las premisas b\u00e1sicas de cualquier administraci\u00f3n p\u00fablica).<\/p>\n<p>Pero es que el desprop\u00f3sito no se queda ah\u00ed, y a eso hay que sumarle casi otros 400.000 + IVA en renovar todos los m\u00f3viles y smartphones del senado, 440 para ser exactos.\u00a0 Yo creo que no hay derecho, que no es normal este constante despilfarro, que ya est\u00e1 bien, que hay mucha gente pas\u00e1ndolo realmente mal.<\/p>\n<p>Para terminar, y ahora no el senado, si no el Congreso, tambi\u00e9n tenemos el caso de los <a href=\"http:\/\/www.elmundo.es\/elmundo\/2012\/11\/06\/espana\/1352208235.html\">Ipads perdidos o mejor dicho renovados<\/a>, que con dinero p\u00fablico todo es muy sencillo.\u00a0 Y es que como dice Juan Carlos Blanco en su post sobre este asunto: <em><\/em><\/p>\n<blockquote><p><em>\u00ab&#8230;\u00e9ste es el t\u00edpico ejemplo de c\u00f3mo cargarse la imagen de los pol\u00edticos mediante el simple recurso de portarse como <strong>personas ajenas a la realidad<\/strong> que les rodea. Siempre he defendido a la clase pol\u00edtica frente a esos linchamientos a los que son sometidos, en muchas ocasiones de manera injusta y desde posiciones extremistas y totalitarias. A veces es <strong>dif\u00edcil mantener esa defensa<\/strong>. \u00c9sta es una de esas ocasiones.\u00bb<\/em><\/p><\/blockquote>\n","protected":false},"excerpt":{"rendered":"<p>Un nuevo caso de desprecio y desconexi\u00f3n con la realidad de nuestros responsables pol\u00edticos y t\u00e9cnicos, 500.000 \u20ac por unos servicios que apenas ser\u00e1n usados, pues es tal el divorcio entre la clase pol\u00edtica y la ciudadan\u00eda que no consiguen que se participe en las diferentes plataformas de participaci\u00f3n ciudadana que se crean o inventan.&hellip;&nbsp;<a href=\"https:\/\/ramonramon.org\/blog\/2012\/11\/07\/ahora-es-el-senado-el-que-desprecia-la-realidad-en-la-que-esta-sumergida-la-ciudadania\/\" rel=\"bookmark\">Leer m\u00e1s &raquo;<span class=\"screen-reader-text\">Ahora es el Senado el que desprecia la realidad en la que est\u00e1 sumergida la ciudadan\u00eda<\/span><\/a><\/p>\n","protected":false},"author":2070,"featured_media":0,"comment_status":"open","ping_status":"open","sticky":false,"template":"","format":"standard","meta":{"neve_meta_sidebar":"","neve_meta_container":"","neve_meta_enable_content_width":"","neve_meta_content_width":0,"neve_meta_title_alignment":"","neve_meta_author_avatar":"","neve_post_elements_order":"","neve_meta_disable_header":"","neve_meta_disable_footer":"","neve_meta_disable_title":"","footnotes":""},"categories":[3],"tags":[273],"class_list":["post-10990","post","type-post","status-publish","format-standard","hentry","category-administraciones-publicas","tag-despilfarro"],"aioseo_notices":[],"_links":{"self":[{"href":"https:\/\/ramonramon.org\/blog\/wp-json\/wp\/v2\/posts\/10990","targetHints":{"allow":["GET"]}}],"collection":[{"href":"https:\/\/ramonramon.org\/blog\/wp-json\/wp\/v2\/posts"}],"about":[{"href":"https:\/\/ramonramon.org\/blog\/wp-json\/wp\/v2\/types\/post"}],"author":[{"embeddable":true,"href":"https:\/\/ramonramon.org\/blog\/wp-json\/wp\/v2\/users\/2070"}],"replies":[{"embeddable":true,"href":"https:\/\/ramonramon.org\/blog\/wp-json\/wp\/v2\/comments?post=10990"}],"version-history":[{"count":0,"href":"https:\/\/ramonramon.org\/blog\/wp-json\/wp\/v2\/posts\/10990\/revisions"}],"wp:attachment":[{"href":"https:\/\/ramonramon.org\/blog\/wp-json\/wp\/v2\/media?parent=10990"}],"wp:term":[{"taxonomy":"category","embeddable":true,"href":"https:\/\/ramonramon.org\/blog\/wp-json\/wp\/v2\/categories?post=10990"},{"taxonomy":"post_tag","embeddable":true,"href":"https:\/\/ramonramon.org\/blog\/wp-json\/wp\/v2\/tags?post=10990"}],"curies":[{"name":"wp","href":"https:\/\/api.w.org\/{rel}","templated":true}]}}