{"id":10983,"date":"2012-11-12T13:54:21","date_gmt":"2012-11-12T12:54:21","guid":{"rendered":"https:\/\/www.ramonramon.org\/blog\/?p=10983"},"modified":"2014-07-16T10:14:14","modified_gmt":"2014-07-16T08:14:14","slug":"publicado-informe-de-valoracion-del-software-libre-2012","status":"publish","type":"post","link":"https:\/\/ramonramon.org\/blog\/2012\/11\/12\/publicado-informe-de-valoracion-del-software-libre-2012\/","title":{"rendered":"Publicado Informe de Valoraci\u00f3n del software libre 2012"},"content":{"rendered":"<p style=\"text-align: justify;\">Ya est\u00e1 publicado el <a href=\"http:\/\/www.portalprogramas.com\/software-libre\/informe\/2012\">Informe de Valoraci\u00f3n del software libre 2012<\/a> y una vez m\u00e1s, <a href=\"http:\/\/www.portalprogramas.com\/software-libre\/informe\/2012\/opiniones-expertos\">he tenido el honor de poder colaborar en el mismo<\/a>.<\/p>\n<p style=\"text-align: justify;\">Cada a\u00f1o, y ya <a href=\"https:\/\/www.ramonramon.org\/blog\/2012\/10\/26\/informe-de-valoracion-del-software-libre-en-la-sociedad-2012\/\">van 4 ediciones<\/a>, participan personas de m\u00e1s pa\u00edses en este estudio -en esta edici\u00f3n personas principalmente de Espa\u00f1a y Latinoam\u00e9rica (Argentina, M\u00e9xico, Colombia, Chile, Per\u00fa, Venezuela, Ecuador, Uruguay, Nicaragua, Guatemala, Bolivia, Costa Rica, El Salvador, Honduras, Puerto Rico, Rep\u00fablica Dominicana y Cuba) aunque tambi\u00e9n de otros pa\u00edses- que durante el mes de octubre y usando t\u00e9cnicas estad\u00edsticas en una muestra generalista (por lo que los resultados no pueden ser atacados de endog\u00e1micos) logra sacar una panor\u00e1mica real de como la ciudadan\u00eda entiende el software libre.<\/p>\n<p style=\"text-align: justify;\">\n<p style=\"text-align: justify;\">Aqu\u00ed ten\u00e9is <a href=\"http:\/\/www.portalprogramas.com\/software-libre\/informe\/2012\/resumen\">el enlace al resumen del mismo<\/a> y tambi\u00e9n os dejo algunas reflexiones que se pueden obtener del estudio:<\/p>\n<p style=\"text-align: justify;\">Sigue siendo muy habitual que se confunda software libre con software gratuito, aunque afortunadamente esta confusi\u00f3n poco a poco se va reduciendo, en esta ocasi\u00f3n un 10%.<\/p>\n<p style=\"text-align: justify;\">Cada d\u00eda es m\u00e1s usado el software libre en Latinoam\u00e9rica, pa\u00edses como Brasil son referentes mundiales, y as\u00ed, el conocimiento del software libre se incrementa en casi un 50%.<\/p>\n<p style=\"text-align: justify;\">Como no pod\u00eda ser de otra manera, los usuarios que apuesta por tener algo m\u00e1s de libertad en su smartphone (los PCs del futuro) con Android conocen m\u00e1s lo que es el software libre que los de APPLE o Windows, curiosamente son los del sistema operativo de la manzanita los que menos conocen el software libre.<\/p>\n<p style=\"text-align: justify;\">Aunque 9 de cada 10 usuarios utilizan software libre, a\u00fan siguen siendo muchos los usuarios que alegan falta de compatibilidad entre los diferentes tipos de software (privativo vs libre), y los que abandonan la libertad por desconocimiento del uso de programas.<\/p>\n<p style=\"text-align: justify;\">Un dato muy preocupante es que la confianza en el software libre disminuye en un 7%, aunque tambi\u00e9n es cierto que un 33% de los que desconf\u00edan no lo han llegado a probar (algo que me he encontrado en numerosas situaciones, principalmente en administraciones p\u00fablicas de diferentes pa\u00edses y regiones).<\/p>\n<p style=\"text-align: justify;\">Por el contrario, el software libre es una opci\u00f3n segura, funcional y con soporte, por m\u00e1s que las transnacionales del software privativo se empe\u00f1en en decir lo contrario.<\/p>\n<p style=\"text-align: justify;\">A la hora de elegir, la mayor\u00eda sigue decant\u00e1ndose por el precio y no por la libertad, considerando como principal premisa el que sean gratuitos para optar por el libre \ud83d\ude41<\/p>\n<p style=\"text-align: justify;\">Se confirma como primer obst\u00e1culo para pasarse a usar software libre la falta de compatibilidad con los privativos, que tienen en gran medida el mercado, son con los que <a href=\"https:\/\/www.ramonramon.org\/blog\/2012\/07\/23\/el-software-libre-y-la-eduacion\/\">nos ense\u00f1an en las instituciones p\u00fablicas lamentablemente<\/a> y a los que <a href=\"https:\/\/www.ramonramon.org\/blog\/2009\/12\/10\/educacion-la-primera-dosis-es-gratis\/\">nos hacen adictos<\/a>.<\/p>\n<p style=\"text-align: justify;\">Como conclusi\u00f3n, creo que cada d\u00eda m\u00e1s personas conocen el t\u00e9rmino software libre, aunque siguen sin entender la importancia de la libertad, de no depender de uno u otro proveedor, de uno u otro formato cerrado, de ser de una u otra manera esclavos de una determinada marca.\u00a0 Igualmente siguen confundiendo software libre con software gratuito o freeware, y aunque hay un importante dato, ya no se considera el software libre como algo inseguro o falto de calidad o soporte, sigue encontr\u00e1ndose numerosas dificultades en la compatibilidad de formatos, entres los de facto (mayoritariamente impuestos por la industria del software privativo) y los libres (basados en est\u00e1ndares internacionales pero que lamentablemente no son del conocimiento del p\u00fablico en general).\u00a0 Y esto \u00faltimo realmente creo que es culpa de los centros educativos, pues siguen generando <a href=\"https:\/\/www.ramonramon.org\/blog\/2009\/12\/11\/%c2%bfaun-te-quedan-dudas-educacion-software-libre-vs-dependencia-software-privativo-%c2%a1liberanos\/\">personas especialistas en una determinada herramienta, usuarios adictos, en lugar de personas formadas en conceptos y tecnolog\u00edas<\/a>.<\/p>\n","protected":false},"excerpt":{"rendered":"<p>Ya est\u00e1 publicado el Informe de Valoraci\u00f3n del software libre 2012 y una vez m\u00e1s, he tenido el honor de poder colaborar en el mismo. Cada a\u00f1o, y ya van 4 ediciones, participan personas de m\u00e1s pa\u00edses en este estudio -en esta edici\u00f3n personas principalmente de Espa\u00f1a y Latinoam\u00e9rica (Argentina, M\u00e9xico, Colombia, Chile, Per\u00fa, Venezuela,&hellip;&nbsp;<a href=\"https:\/\/ramonramon.org\/blog\/2012\/11\/12\/publicado-informe-de-valoracion-del-software-libre-2012\/\" rel=\"bookmark\">Leer m\u00e1s &raquo;<span class=\"screen-reader-text\">Publicado Informe de Valoraci\u00f3n del software libre 2012<\/span><\/a><\/p>\n","protected":false},"author":2070,"featured_media":0,"comment_status":"open","ping_status":"open","sticky":false,"template":"","format":"standard","meta":{"neve_meta_sidebar":"","neve_meta_container":"","neve_meta_enable_content_width":"","neve_meta_content_width":0,"neve_meta_title_alignment":"","neve_meta_author_avatar":"","neve_post_elements_order":"","neve_meta_disable_header":"","neve_meta_disable_footer":"","neve_meta_disable_title":"","footnotes":""},"categories":[6,27],"tags":[1201],"class_list":["post-10983","post","type-post","status-publish","format-standard","hentry","category-conocimientolibre","category-software-libre","tag-informe"],"aioseo_notices":[],"_links":{"self":[{"href":"https:\/\/ramonramon.org\/blog\/wp-json\/wp\/v2\/posts\/10983","targetHints":{"allow":["GET"]}}],"collection":[{"href":"https:\/\/ramonramon.org\/blog\/wp-json\/wp\/v2\/posts"}],"about":[{"href":"https:\/\/ramonramon.org\/blog\/wp-json\/wp\/v2\/types\/post"}],"author":[{"embeddable":true,"href":"https:\/\/ramonramon.org\/blog\/wp-json\/wp\/v2\/users\/2070"}],"replies":[{"embeddable":true,"href":"https:\/\/ramonramon.org\/blog\/wp-json\/wp\/v2\/comments?post=10983"}],"version-history":[{"count":0,"href":"https:\/\/ramonramon.org\/blog\/wp-json\/wp\/v2\/posts\/10983\/revisions"}],"wp:attachment":[{"href":"https:\/\/ramonramon.org\/blog\/wp-json\/wp\/v2\/media?parent=10983"}],"wp:term":[{"taxonomy":"category","embeddable":true,"href":"https:\/\/ramonramon.org\/blog\/wp-json\/wp\/v2\/categories?post=10983"},{"taxonomy":"post_tag","embeddable":true,"href":"https:\/\/ramonramon.org\/blog\/wp-json\/wp\/v2\/tags?post=10983"}],"curies":[{"name":"wp","href":"https:\/\/api.w.org\/{rel}","templated":true}]}}