{"id":10542,"date":"2012-09-12T17:00:59","date_gmt":"2012-09-12T15:00:59","guid":{"rendered":"https:\/\/www.ramonramon.org\/blog\/?p=10542"},"modified":"2020-03-22T13:58:19","modified_gmt":"2020-03-22T12:58:19","slug":"necesidad-de-lideres-valientes-para-acabar-con-la-sociedad-de-la-crisis","status":"publish","type":"post","link":"https:\/\/ramonramon.org\/blog\/2012\/09\/12\/necesidad-de-lideres-valientes-para-acabar-con-la-sociedad-de-la-crisis\/","title":{"rendered":"Necesidad de l\u00edderes valientes para acabar con la Sociedad de la Crisis"},"content":{"rendered":"<p style=\"text-align: justify;\"><a data-shr_layout=\"standard\" data-shr_showfaces=\"false\" data-shr_href=\"http%3A%2F%2Framonramon.org%2Fblog%2F2010%2F06%2F22%2Finnovacion-el-talento-la-crisis-de-ideas-y-la-destruccion-de-oportunidades%2F' data-shr_title='Innovaci%C3%B3n%2C+el+talento%2C+la+crisis+de+ideas+y+la+destrucci%C3%B3n+de+oportunidades'&gt;&lt;\/a&gt;&lt;a class='shareaholic-fbsend' data-shr_href='http%3A%2F%2Framonramon.org%2Fblog%2F2010%2F06%2F22%2Finnovacion-el-talento-la-crisis-de-ideas-y-la-destruccion-de-oportunidades%2F'&gt;&lt;\/a&gt;&lt;a class='shareaholic-googleplusone' data-shr_size='standard' data-shr_count='true' data-shr_href='http%3A%2F%2Framonramon.org%2Fblog%2F2010%2F06%2F22%2Finnovacion-el-talento-la-crisis-de-ideas-y-la-destruccion-de-oportunidades%2F' data-shr_title='Innovaci%C3%B3n%2C+el+talento%2C+la+crisis+de+ideas+y+la+destrucci%C3%B3n+de+oportunidades'&gt;&lt;\/a&gt;&lt;a class='shareaholic-tweetbutton' data-shr_count='none' data-shr_href='http%3A%2F%2Framonramon.org%2Fblog%2F2010%2F06%2F22%2Finnovacion-el-talento-la-crisis-de-ideas-y-la-destruccion-de-oportunidades%2F' data-shr_title='Innovaci%C3%B3n%2C+el+talento%2C+la+crisis+de+ideas+y+la+destrucci%C3%B3n+de+oportunidades'&gt;&lt;\/a&gt;&lt;\/div&gt;&lt;div style=\">Hoy en d\u00eda es muy f\u00e1cil no seguir avanzando, estancarse, no seguir creando nuevos proyectos o mejoras para la ciudadan\u00eda y directamente echarle la culpa a la famosa <\/a><a href=\"https:\/\/www.ramonramon.org\/blog\/2009\/04\/19\/retomando-la-crisis\/\">crisis<\/a>.\u00a0 Cuando realmente lo que hay es una enorme falta de ideas, valores y sobre todo de valent\u00eda. Ya est\u00e1 bien de hablar de crisis como la palabra que cubre todo el despilfarro existente, toda la mediocridad y toda la pasividad de nuestros dirigentes.\u00a0 Necesitamos l\u00edderes valientes, responsables pol\u00edticos y\/o t\u00e9cnicos que no recurran a t\u00f3picos y recurrentes excusas para no realizar su trabajo, para no cumplir con su responsabilidad. <em>As\u00ed comienza este nuevo post que escrib\u00ed la semana pasada para Nacion Red.<\/em><\/p>\n<p style=\"text-align: justify;\">Esa valent\u00eda o coraje por apostar por lo nuevo, por lo que suma, crea, construye y no por todo lo que ha supuesto este retroceso, el ladrillo, los modelos agotados, caducos, rancios,\u2026 la <a href=\"https:\/\/www.ramonramon.org\/blog\/2009\/09\/01\/de-carnicas-grandes-consultoras-y-otros-especimenes\/\">gran marca\/consultora<\/a>, la t\u00edpica afirmaci\u00f3n de muchos responsables: <em>\u00abMejor equivocarme apostando por encargarle un trabajo a una gran empresa que hacerlo apostando por una peque\u00f1a y especializada empresa\u00bb<\/em> \u00bfTriste, verdad? pero\u2026 muy constantemente recurrido. Algunas regiones o municipios prefieren marcar su propio ritmo, atrayendo talento o aprovechando el que ya tienen, como el archiconocido <a href=\"http:\/\/abla.blogia.com\/\">caso de Abla<\/a>, en el que un grupo de innovadores, liderados por el famoso y querido <a href=\"http:\/\/twitter.com\/pacoxxi\">Paco Fern\u00e1ndez<\/a>, amantes de su pueblo, de la aplicaci\u00f3n de las tecnolog\u00edas en el beneficio de su ciudadan\u00eda, apoyados por los responsables pol\u00edticos, crean, generan ilusi\u00f3n, innovaci\u00f3n, progreso, mejoras, y \u2026 \u00bfpor qu\u00e9 no decirlo?, una <strong>marca de innovaci\u00f3n, calidad y progreso.<\/strong><\/p>\n<p style=\"text-align: justify;\">Igual ocurri\u00f3 hace unos a\u00f1os en Extremadura, aunque lamentablemente cada d\u00eda quede menos de todo aquello, con la <a href=\"https:\/\/www.ramonramon.org\/blog\/2010\/05\/18\/%C2%BFpor-que-no-se-escucha-a-ibarra\/\">apuesta decidida por el software libre<\/a>, o la apuesta de otros gobiernos, tanto nacionales como internacionales.<\/p>\n<p style=\"text-align: justify;\">Sin embargo, otras regiones, comarcas o municipios, o <a href=\"https:\/\/www.ramonramon.org\/blog\/2009\/05\/03\/%C2%BFque-hace-tu-empresa-para-retener-a-los-empleados-mas-valiosos\/\">incluso empresas<\/a>, en lugar de aprovechar sus recursos, sus talentos o atraerlos, van a contracorriente y como que parece que aunque existan factores para el \u00e9xito, ellos prefieren destruirlos, apartarlos, \u2026 condenando a su ciudadan\u00eda a perder esa gran oportunidad, en ocasiones relacionadas con la atracci\u00f3n de nuevos proyectos, nuevas ideas, innovaciones, empleo,\u2026 En ocasiones frustrando u olvidando a personas tractoras de innovaci\u00f3n, de nuevas formas de crear riqueza para la regi\u00f3n,\u2026 porque, o bien no son escuchadas, o lo que es peor, en muchas ocasiones son expulsadas de sus regiones, de sus entornos,\u2026 por realizar actuaciones totalmente descoordinadas, carentes de sentido o directamente enfocadas por modas. Por eso, cuando hablamos de crisis de valores, de ideas, de innovaci\u00f3n,\u2026 ya no hablo s\u00f3lo de <a href=\"https:\/\/www.ramonramon.org\/blog\/2009\/03\/06\/software-libre-para-gobiernos-en-crisis\/\">software libre para gobiernos en crisis<\/a>, <a href=\"https:\/\/www.ramonramon.org\/blog\/2009\/02\/27\/eeuu-ahorraria-37-millones-de-dolares-con-software-libre\/\">ahorro de millones de euros<\/a>, el <a href=\"https:\/\/www.ramonramon.org\/blog\/2008\/11\/02\/el-gobierno-canario-regala-33-millones-de-euros\/\">despilfarro del dinero por falta de visi\u00f3n<\/a>, o la <a href=\"https:\/\/www.ramonramon.org\/blog\/2009\/04\/26\/marbella-y-la-prueba-de-que-la-tecnologia-es-estrategica\/\">falta de estrategia<\/a>, hablo de que se\u00a0 sigue creando la bola m\u00e1s grande e imparable, la llamada <a href=\"https:\/\/www.ramonramon.org\/blog\/2009\/11\/24\/el-nuevo-plan-e-ladrillo-o-innovacion\/\">pol\u00edtica del ladrillo<\/a>, sin que nadie o muy pocos luchen contra esa inercia.\u00a0 Y al final, retomar la pregunta <em><a href=\"https:\/\/www.ramonramon.org\/blog\/2008\/07\/02\/%C2%BFcrisis-economica-o-de-modelo\/\">\u00bfCrisis econ\u00f3mica o de modelo?<\/a><\/em><\/p>\n<p style=\"text-align: justify;\">Es el momento de los valientes, de los innovadores, de los que no asumen que las cosas deban estar tan mal y que hay que luchar por el progreso, por la ciudadan\u00eda, por la creaci\u00f3n de riqueza, de empleo, \u2026 es igualmente <a href=\"https:\/\/www.ramonramon.org\/blog\/2009\/01\/28\/el-momento-del-software-libre\/\">el momento del software libre<\/a>, de la <a href=\"https:\/\/www.ramonramon.org\/blog\/2009\/02\/25\/contra-la-crisis-linux\/\">lucha contra la crisis<\/a>.<\/p>\n<p style=\"text-align: justify;\">Y yo me pregunto una vez m\u00e1s, \u00bfpor qu\u00e9 no escuchamos a Einstein?<\/p>\n<p style=\"text-align: justify;\"><em>\u201c<strong>No pretendamos que las cosas cambien si siempre hacemos lo mismo<\/strong>. La crisis es la mejor bendici\u00f3n que puede sucederle a personas y pa\u00edses, porque <strong>la crisis trae progresos<\/strong>.<a href=\"http:\/\/juanst.com\/wp-content\/uploads\/2009\/02\/einstein.jpg\" target=\"_blank\" rel=\"noopener noreferrer\"><img loading=\"lazy\" decoding=\"async\" class=\"alignleft\" title=\"Albert Einstein\" src=\"http:\/\/juanst.com\/wp-content\/uploads\/2009\/02\/einstein.jpg\" alt=\"einstein Innovaci\u00f3n, el talento, la crisis de ideas y la destrucci\u00f3n de oportunidades\" width=\"129\" height=\"146\" \/><\/a><\/em> <em>La creatividad nace de la angustia como el d\u00eda nace de la noche. <strong>Es en la crisis donde\u00a0nace la inventiva, los descubrimientos y las grandes estrategias<\/strong>. <strong>Quien supera la crisis se supera a s\u00ed mismo sin quedar \u201csuperado\u201d<\/strong>. Quien atribuye a la crisis sus fracasos y sus penurias, violenta su propio talento y respeta m\u00e1s a los problemas que a las soluciones.<\/em> <em><strong>La verdadera crisis es la crisis de la incompetencia.<\/strong><\/em> <em>El problema de las personas y los pa\u00edses es la <strong>pereza para encontrar las salidas y soluciones<\/strong>. Sin crisis no hay desaf\u00edos, <strong>sin desaf\u00edos la vida es una rutina, una lenta agon\u00eda<\/strong>. Sin crisis no hay m\u00e9ritos. Es en la crisis donde aflora lo mejor de cada uno, porque en crisis todo viento es caricia.<\/em> <strong><em>Hablar de Crisis es promoverla, y callar en la crisis es exaltar el conformismo.<\/em><\/strong> <em>En vez de esto, trabajemos duro. Acabemos de una vez con la \u00fanica crisis amenazadora: que es <strong>la tragedia de no querer luchar por superarla.<\/strong>\u201d <\/em><\/p>\n<p style=\"text-align: justify;\">\u00bfNo hay valientes? \u00bfno hay innovadores en las administraciones p\u00fablicas? Yo estoy convencido que si, que los hay y muchos m\u00e1s de los que imaginamos, y ahora es el momento de demostrarlo. No me resigno a ver como algunos cortoplacistas siguen apostando por los grandes titulares, las grandes multinacionales, la apuesta del no riesgo y el despilfarro, el miedo a innovar y mejor no hacer nada,\u2026 con el dinero que no es suyo, con el dinero p\u00fablico que es el de todos.\u00a0 \u00a1Y lo que es peor, les sale gratis!<\/p>\n<p style=\"text-align: justify;\">Mi \u00faltima reflexi\u00f3n es a\u00fan m\u00e1s compleja,<em><strong> \u00bfquienes son m\u00e1s culpables, aquellos que no tienen talento y no saben atraerlo, o aquellos que habi\u00e9ndolo tenido muy cercano prefieren despreciarlo, marginarlo o incluso alejarlo de sus municipios?<\/strong><\/em><\/p>\n","protected":false},"excerpt":{"rendered":"<p>Hoy en d\u00eda es muy f\u00e1cil no seguir avanzando, estancarse, no seguir creando nuevos proyectos o mejoras para la ciudadan\u00eda y directamente echarle la culpa a la famosa crisis.\u00a0 Cuando realmente lo que hay es una enorme falta de ideas, valores y sobre todo de valent\u00eda. Ya est\u00e1 bien de hablar de crisis como la&hellip;&nbsp;<a href=\"https:\/\/ramonramon.org\/blog\/2012\/09\/12\/necesidad-de-lideres-valientes-para-acabar-con-la-sociedad-de-la-crisis\/\" rel=\"bookmark\">Leer m\u00e1s &raquo;<span class=\"screen-reader-text\">Necesidad de l\u00edderes valientes para acabar con la Sociedad de la Crisis<\/span><\/a><\/p>\n","protected":false},"author":2070,"featured_media":0,"comment_status":"open","ping_status":"open","sticky":false,"template":"","format":"standard","meta":{"neve_meta_sidebar":"","neve_meta_container":"","neve_meta_enable_content_width":"","neve_meta_content_width":0,"neve_meta_title_alignment":"","neve_meta_author_avatar":"","neve_post_elements_order":"","neve_meta_disable_header":"","neve_meta_disable_footer":"","neve_meta_disable_title":"","footnotes":""},"categories":[3,27],"tags":[229,464,1679],"class_list":["post-10542","post","type-post","status-publish","format-standard","hentry","category-administraciones-publicas","category-software-libre","tag-crisis","tag-innovacion","tag-valentia"],"aioseo_notices":[],"_links":{"self":[{"href":"https:\/\/ramonramon.org\/blog\/wp-json\/wp\/v2\/posts\/10542","targetHints":{"allow":["GET"]}}],"collection":[{"href":"https:\/\/ramonramon.org\/blog\/wp-json\/wp\/v2\/posts"}],"about":[{"href":"https:\/\/ramonramon.org\/blog\/wp-json\/wp\/v2\/types\/post"}],"author":[{"embeddable":true,"href":"https:\/\/ramonramon.org\/blog\/wp-json\/wp\/v2\/users\/2070"}],"replies":[{"embeddable":true,"href":"https:\/\/ramonramon.org\/blog\/wp-json\/wp\/v2\/comments?post=10542"}],"version-history":[{"count":0,"href":"https:\/\/ramonramon.org\/blog\/wp-json\/wp\/v2\/posts\/10542\/revisions"}],"wp:attachment":[{"href":"https:\/\/ramonramon.org\/blog\/wp-json\/wp\/v2\/media?parent=10542"}],"wp:term":[{"taxonomy":"category","embeddable":true,"href":"https:\/\/ramonramon.org\/blog\/wp-json\/wp\/v2\/categories?post=10542"},{"taxonomy":"post_tag","embeddable":true,"href":"https:\/\/ramonramon.org\/blog\/wp-json\/wp\/v2\/tags?post=10542"}],"curies":[{"name":"wp","href":"https:\/\/api.w.org\/{rel}","templated":true}]}}