{"id":10514,"date":"2012-09-05T09:44:01","date_gmt":"2012-09-05T07:44:01","guid":{"rendered":"https:\/\/www.ramonramon.org\/blog\/?p=10514"},"modified":"2022-06-20T13:04:34","modified_gmt":"2022-06-20T11:04:34","slug":"nueva-mision-ahora-en-costa-rica","status":"publish","type":"post","link":"https:\/\/ramonramon.org\/blog\/2012\/09\/05\/nueva-mision-ahora-en-costa-rica\/","title":{"rendered":"Nueva misi\u00f3n, ahora en Costa Rica"},"content":{"rendered":"<p>Este pr\u00f3ximo s\u00e1bado, 8 de septiembre, vuelven los <a href=\"https:\/\/www.ramonramon.org\/blog\/tag\/viajes\/\">viajes<\/a>, tras un mes de agosto algo inactivo.\u00a0 Volver\u00e9 a atravesar el Atl\u00e1ntico, y en esta ocasi\u00f3n el destino ser\u00e1 <a href=\"http:\/\/es.wikipedia.org\/wiki\/Costa_Rica\">Costa Rica<\/a>, para un proyecto de colaboraci\u00f3n con una instituci\u00f3n del pa\u00eds, de la mano del <a href=\"http:\/\/www.undp.org\/content\/undp\/es\/home.html\">PNUD (Programa de Naciones Unidas para el Desarrollo)<\/a>.<\/p>\n<p>A diferencia de mis anteriores colaboraciones con entidades p\u00fablicas de diversos pa\u00edses, en esta ocasi\u00f3n es el PNUD, y su sede central de Nueva York el que me env\u00eda a colaborar en un proyecto de acompa\u00f1amiento del PNUD de Costa Rica con una de las entidades p\u00fablicas m\u00e1s importantes del pa\u00eds. Estar\u00e9 unos 20 d\u00edas y espero poder adem\u00e1s aprovechar para ver algunos proyectos que se nos hab\u00edan quedado en el tintero con algunas otras instituciones latinoamericanas.<\/p>\n<p>Espero poder disfrutar de esta ilusionante misi\u00f3n, lograr los objetivos de la misma y crear nuevas sinergias con otros probables proyectos. Adem\u00e1s de poder volverme a encontrar con los amigos <a href=\"https:\/\/twitter.com\/hugochavarria\">Hugo Chavarr\u00eda<\/a> y <a href=\"http:\/\/www.unrisd.org\/80256B3C005BC203\/%28httpPeople%29\/DFE02DC0362231A8C12573D1003A1F68?OpenDocument\">Juan Manuel Villasuso<\/a>.<\/p>\n<p>Agradecer a los amigos del PNUD de Nueva York y Costa Rica toda la amabilidad y paciencia que est\u00e1n teniendo conmigo, as\u00ed como a los amigos <a href=\"https:\/\/twitter.com\/ushcala\">Carolina<\/a> y Carlos por todas sus atenciones previas, que sin lugar a dudas, est\u00e1n haciendo que los preparativos previos al viaje sean much\u00edsimo m\u00e1s sencillos.<\/p>\n<p>En cuanto regrese de Costa Rica, me esperan otros dos nuevos viajes, a la 3\u00aa Conferencia Internacional de Software Libre, en Buenos Aires y a la IX Conferencia Latinoamericana de Software Libre, en Foz do Igua\u00e7u, m\u00e1s otro probable a Veracruz, con lo que pido disculpas si no responde a los mails con la celeridad que suelo hacerlo.<\/p>\n","protected":false},"excerpt":{"rendered":"<p>Este pr\u00f3ximo s\u00e1bado, 8 de septiembre, vuelven los viajes, tras un mes de agosto algo inactivo.\u00a0 Volver\u00e9 a atravesar el Atl\u00e1ntico, y en esta ocasi\u00f3n el destino ser\u00e1 Costa Rica, para un proyecto de colaboraci\u00f3n con una instituci\u00f3n del pa\u00eds, de la mano del PNUD (Programa de Naciones Unidas para el Desarrollo). A diferencia de&hellip;&nbsp;<a href=\"https:\/\/ramonramon.org\/blog\/2012\/09\/05\/nueva-mision-ahora-en-costa-rica\/\" rel=\"bookmark\">Leer m\u00e1s &raquo;<span class=\"screen-reader-text\">Nueva misi\u00f3n, ahora en Costa Rica<\/span><\/a><\/p>\n","protected":false},"author":2070,"featured_media":0,"comment_status":"open","ping_status":"open","sticky":false,"template":"","format":"standard","meta":{"neve_meta_sidebar":"","neve_meta_container":"","neve_meta_enable_content_width":"","neve_meta_content_width":0,"neve_meta_title_alignment":"","neve_meta_author_avatar":"","neve_post_elements_order":"","neve_meta_disable_header":"","neve_meta_disable_footer":"","neve_meta_disable_title":"","footnotes":""},"categories":[3,30],"tags":[1678,1502,2004],"class_list":["post-10514","post","type-post","status-publish","format-standard","hentry","category-administraciones-publicas","category-viajes","tag-costa-rica","tag-pnud","tag-viajes"],"aioseo_notices":[],"_links":{"self":[{"href":"https:\/\/ramonramon.org\/blog\/wp-json\/wp\/v2\/posts\/10514","targetHints":{"allow":["GET"]}}],"collection":[{"href":"https:\/\/ramonramon.org\/blog\/wp-json\/wp\/v2\/posts"}],"about":[{"href":"https:\/\/ramonramon.org\/blog\/wp-json\/wp\/v2\/types\/post"}],"author":[{"embeddable":true,"href":"https:\/\/ramonramon.org\/blog\/wp-json\/wp\/v2\/users\/2070"}],"replies":[{"embeddable":true,"href":"https:\/\/ramonramon.org\/blog\/wp-json\/wp\/v2\/comments?post=10514"}],"version-history":[{"count":0,"href":"https:\/\/ramonramon.org\/blog\/wp-json\/wp\/v2\/posts\/10514\/revisions"}],"wp:attachment":[{"href":"https:\/\/ramonramon.org\/blog\/wp-json\/wp\/v2\/media?parent=10514"}],"wp:term":[{"taxonomy":"category","embeddable":true,"href":"https:\/\/ramonramon.org\/blog\/wp-json\/wp\/v2\/categories?post=10514"},{"taxonomy":"post_tag","embeddable":true,"href":"https:\/\/ramonramon.org\/blog\/wp-json\/wp\/v2\/tags?post=10514"}],"curies":[{"name":"wp","href":"https:\/\/api.w.org\/{rel}","templated":true}]}}