{"id":10396,"date":"2012-08-14T12:00:31","date_gmt":"2012-08-14T10:00:31","guid":{"rendered":"https:\/\/www.ramonramon.org\/blog\/?p=10396"},"modified":"2020-03-22T13:58:18","modified_gmt":"2020-03-22T12:58:18","slug":"nuevo-peticion-a-los-organismos-internacionales-de-defensa-de-la-competencia-no-permitan-que-m-nos-imponga-su-tirania-tecnologica","status":"publish","type":"post","link":"https:\/\/ramonramon.org\/blog\/2012\/08\/14\/nuevo-peticion-a-los-organismos-internacionales-de-defensa-de-la-competencia-no-permitan-que-m-nos-imponga-su-tirania-tecnologica\/","title":{"rendered":"Nuevo petici\u00f3n a los organismos internacionales de defensa de la competencia: No permitan que M$ nos imponga su tiran\u00eda tecnol\u00f3gica"},"content":{"rendered":"<p>Una vez m\u00e1s, y ya van unas pocas, <a href=\"https:\/\/www.ramonramon.org\/blog\/2012\/08\/13\/microoft-otra-vez-atentando-contra-la-libertad\/\">nos intentan apartar de la libertad, nos intentan quitar el derecho de que cada persona use su ordenador como le plazca<\/a>, con las aplicaciones y usos que considere correctos (dentro del respeto a la legalidad).<\/p>\n<p>Ante esto, solo cabe responder, debemos movilizarnos, actuar, defender la libertad de la ciudadan\u00eda. Junto a las diferentes organizaciones hermanas que defienden la libertad tecnol\u00f3gica, el conocimiento libre, la no imposici\u00f3n de voluntades de las corporaciones tecnol\u00f3gicas sobre los estados y las personas debemos reivindicar el derecho a la libre elecci\u00f3n de sistemas operativos y aplicaciones.<\/p>\n<p>Las corporaciones tecnol\u00f3gicas, con Microsoft a la cabeza, pretenden imponer mediante su posici\u00f3n privilegiada qu\u00e9 est\u00e1 bien y qu\u00e9 no, qu\u00e9 podemos hacer y qu\u00e9 no podemos hacer, hasta donde llega el derecho de la ciudadan\u00eda a compartir el conocimiento y hasta donde no.<\/p>\n<p><a href=\"https:\/\/www.change.org\/es\/peticiones\/international-competition-network-icn-que-no-se-pemita-a-microsoft-imponer-su-tiran%C3%ADa-tecnol%C3%B3gica\"><img loading=\"lazy\" decoding=\"async\" class=\"alignright\" title=\"Ay\u00fadanos a que no permitan a Microsoft acabar con la libertad\" src=\"https:\/\/www.ramonramon.org\/blog\/wp-content\/uploads\/charge_dot.png\" alt=\"NO a la tiran\u00eda tecnol\u00f3gica de la Corporaci\u00f3n Microsoft\" width=\"240\" height=\"137\" \/><\/a>Mientras articulamos herramientas y actuaciones necesarias que defiendan los derechos de la ciudadan\u00eda, apoya la <a href=\"https:\/\/www.change.org\/es\/peticiones\/international-competition-network-icn-que-no-se-pemita-a-microsoft-imponer-su-tiran%C3%ADa-tecnol%C3%B3gica\">petici\u00f3n a los diferentes organismos internacional de defensa de la competencia<\/a> para que no lo permitan.<\/p>\n<p>Las grandes corporaciones tecnol\u00f3gicas intentan crear una nueva Sociedad, basada en un nuevo neo-ostracismo o feudalismo tecnol\u00f3gico, en el que son las corporaciones las que deciden quien pertenece y quien no, cuanto debemos aportar, y cuales son las herramientas para estar dentro o fuera de esta nueva Sociedad.<\/p>\n<p>Con las asociaciones internacionales hermanas, algunas de ellas cofundadoras <a href=\"https:\/\/www.ramonramon.org\/blog\/2012\/07\/31\/constituida-la-red-internacional-de-software-libre\/ \">junto a Iniciativa Focus de la Red Internacional de Software Libre<\/a>,<br \/>\ny conformando parte de una Sociedad global que sufre este tipo de intentos de control y tiran\u00eda, debemos actuar, no podemos quedarnos paradas.<\/p>\n","protected":false},"excerpt":{"rendered":"<p>Una vez m\u00e1s, y ya van unas pocas, nos intentan apartar de la libertad, nos intentan quitar el derecho de que cada persona use su ordenador como le plazca, con las aplicaciones y usos que considere correctos (dentro del respeto a la legalidad). Ante esto, solo cabe responder, debemos movilizarnos, actuar, defender la libertad de&hellip;&nbsp;<a href=\"https:\/\/ramonramon.org\/blog\/2012\/08\/14\/nuevo-peticion-a-los-organismos-internacionales-de-defensa-de-la-competencia-no-permitan-que-m-nos-imponga-su-tirania-tecnologica\/\" rel=\"bookmark\">Leer m\u00e1s &raquo;<span class=\"screen-reader-text\">Nuevo petici\u00f3n a los organismos internacionales de defensa de la competencia: No permitan que M$ nos imponga su tiran\u00eda tecnol\u00f3gica<\/span><\/a><\/p>\n","protected":false},"author":2070,"featured_media":10399,"comment_status":"open","ping_status":"open","sticky":false,"template":"","format":"standard","meta":{"neve_meta_sidebar":"","neve_meta_container":"","neve_meta_enable_content_width":"","neve_meta_content_width":0,"neve_meta_title_alignment":"","neve_meta_author_avatar":"","neve_post_elements_order":"","neve_meta_disable_header":"","neve_meta_disable_footer":"","neve_meta_disable_title":"","footnotes":""},"categories":[6,18],"tags":[509,561,1014],"class_list":["post-10396","post","type-post","status-publish","format-standard","has-post-thumbnail","hentry","category-conocimientolibre","category-libertad-tecnologica","tag-libertad","tag-microsoft","tag-peticion"],"aioseo_notices":[],"_links":{"self":[{"href":"https:\/\/ramonramon.org\/blog\/wp-json\/wp\/v2\/posts\/10396","targetHints":{"allow":["GET"]}}],"collection":[{"href":"https:\/\/ramonramon.org\/blog\/wp-json\/wp\/v2\/posts"}],"about":[{"href":"https:\/\/ramonramon.org\/blog\/wp-json\/wp\/v2\/types\/post"}],"author":[{"embeddable":true,"href":"https:\/\/ramonramon.org\/blog\/wp-json\/wp\/v2\/users\/2070"}],"replies":[{"embeddable":true,"href":"https:\/\/ramonramon.org\/blog\/wp-json\/wp\/v2\/comments?post=10396"}],"version-history":[{"count":0,"href":"https:\/\/ramonramon.org\/blog\/wp-json\/wp\/v2\/posts\/10396\/revisions"}],"wp:featuredmedia":[{"embeddable":true,"href":"https:\/\/ramonramon.org\/blog\/wp-json\/wp\/v2\/media\/10399"}],"wp:attachment":[{"href":"https:\/\/ramonramon.org\/blog\/wp-json\/wp\/v2\/media?parent=10396"}],"wp:term":[{"taxonomy":"category","embeddable":true,"href":"https:\/\/ramonramon.org\/blog\/wp-json\/wp\/v2\/categories?post=10396"},{"taxonomy":"post_tag","embeddable":true,"href":"https:\/\/ramonramon.org\/blog\/wp-json\/wp\/v2\/tags?post=10396"}],"curies":[{"name":"wp","href":"https:\/\/api.w.org\/{rel}","templated":true}]}}