{"id":10318,"date":"2012-08-07T13:15:08","date_gmt":"2012-08-07T11:15:08","guid":{"rendered":"https:\/\/www.ramonramon.org\/blog\/?p=10318"},"modified":"2020-03-22T13:38:55","modified_gmt":"2020-03-22T12:38:55","slug":"se-extiende-el-plazo-para-participar-en-la-conferencia-internacional-de-software-libre","status":"publish","type":"post","link":"https:\/\/ramonramon.org\/blog\/2012\/08\/07\/se-extiende-el-plazo-para-participar-en-la-conferencia-internacional-de-software-libre\/","title":{"rendered":"Se extiende el plazo para participar en la Conferencia Internacional de Software Libre"},"content":{"rendered":"<p>Como sab\u00e9is, en octubre se celebran dos importantes citas para la comunidad del Software Libre, m\u00e1s concretamente la Conferencia Internacional de Software Libre CISL en Buenos Aires y Latinoware en Foz de Igua\u00e7\u00fa.<\/p>\n<p><img loading=\"lazy\" decoding=\"async\" class=\"alignleft size-full wp-image-10323\" title=\"CISL 2012\" src=\"https:\/\/www.ramonramon.org\/blog\/wp-content\/uploads\/logocisl200x84.jpg\" alt=\"Conferencia Internacional de Software Libre\" width=\"200\" height=\"84\" \/>Ambos eventos que congregan a un mont\u00f3n de participantes, ponentes, asistentes, empresas, instituciones, &#8230;. se celebrar\u00e1n entre el<strong> 15 y el 19 de octubre<\/strong>.<\/p>\n<p>Si no ocurre ning\u00fan contratiempo, tendr\u00e9 el honor de participar en ambos eventos, que adem\u00e1s est\u00e1n siendo coordinados para que el mayor n\u00famero de asistentes y ponentes puedan participar en los dos.<\/p>\n<p>La buena noticia es que si est\u00e1s pensando participar en CISL, y no tuvistes tiempo para presentar tu propuesta de ponencia, ahora a\u00fan tienes una segunda oportunidad, ya que ayer mismo ampliaron el plazo hasta el pr\u00f3ximo 31 de agosto. Igualmente, el plazo para hacerlo en Latinoware es hasta el 19 de agosto.<\/p>\n","protected":false},"excerpt":{"rendered":"<p>Como sab\u00e9is, en octubre se celebran dos importantes citas para la comunidad del Software Libre, m\u00e1s concretamente la Conferencia Internacional de Software Libre CISL en Buenos Aires y Latinoware en Foz de Igua\u00e7\u00fa. Ambos eventos que congregan a un mont\u00f3n de participantes, ponentes, asistentes, empresas, instituciones, &#8230;. se celebrar\u00e1n entre el 15 y el 19&hellip;&nbsp;<a href=\"https:\/\/ramonramon.org\/blog\/2012\/08\/07\/se-extiende-el-plazo-para-participar-en-la-conferencia-internacional-de-software-libre\/\" rel=\"bookmark\">Leer m\u00e1s &raquo;<span class=\"screen-reader-text\">Se extiende el plazo para participar en la Conferencia Internacional de Software Libre<\/span><\/a><\/p>\n","protected":false},"author":2070,"featured_media":0,"comment_status":"open","ping_status":"open","sticky":false,"template":"","format":"standard","meta":{"neve_meta_sidebar":"","neve_meta_container":"","neve_meta_enable_content_width":"","neve_meta_content_width":0,"neve_meta_title_alignment":"","neve_meta_author_avatar":"","neve_post_elements_order":"","neve_meta_disable_header":"","neve_meta_disable_footer":"","neve_meta_disable_title":"","footnotes":""},"categories":[16,27,30],"tags":[184,32,1659],"class_list":["post-10318","post","type-post","status-publish","format-standard","hentry","category-jornadas-software-libre","category-software-libre","category-viajes","tag-cisl","tag-conferencia-internacional-de-software-libre","tag-latinoware"],"aioseo_notices":[],"_links":{"self":[{"href":"https:\/\/ramonramon.org\/blog\/wp-json\/wp\/v2\/posts\/10318","targetHints":{"allow":["GET"]}}],"collection":[{"href":"https:\/\/ramonramon.org\/blog\/wp-json\/wp\/v2\/posts"}],"about":[{"href":"https:\/\/ramonramon.org\/blog\/wp-json\/wp\/v2\/types\/post"}],"author":[{"embeddable":true,"href":"https:\/\/ramonramon.org\/blog\/wp-json\/wp\/v2\/users\/2070"}],"replies":[{"embeddable":true,"href":"https:\/\/ramonramon.org\/blog\/wp-json\/wp\/v2\/comments?post=10318"}],"version-history":[{"count":0,"href":"https:\/\/ramonramon.org\/blog\/wp-json\/wp\/v2\/posts\/10318\/revisions"}],"wp:attachment":[{"href":"https:\/\/ramonramon.org\/blog\/wp-json\/wp\/v2\/media?parent=10318"}],"wp:term":[{"taxonomy":"category","embeddable":true,"href":"https:\/\/ramonramon.org\/blog\/wp-json\/wp\/v2\/categories?post=10318"},{"taxonomy":"post_tag","embeddable":true,"href":"https:\/\/ramonramon.org\/blog\/wp-json\/wp\/v2\/tags?post=10318"}],"curies":[{"name":"wp","href":"https:\/\/api.w.org\/{rel}","templated":true}]}}